{"id":7791,"date":"2026-06-19T15:10:00","date_gmt":"2026-06-19T13:10:00","guid":{"rendered":"https:\/\/mksczarnipolaniec.pl\/?p=7791"},"modified":"2026-08-29T17:12:31","modified_gmt":"2026-08-29T15:12:31","slug":"jestesmy-niezmiernie-wdzieczni-za-wsparcie","status":"publish","type":"post","link":"http:\/\/mksczarnipolaniec.pl\/?p=7791","title":{"rendered":"Jeste\u015bmy niezmiernie wdzi\u0119czni za wsparcie"},"content":{"rendered":"\n<p class=\"wp-block-paragraph\">Jeste\u015bmy niezmiernie wdzi\u0119czni za wsparcie programu Klub PRO, kt\u00f3rego operatorem krajowym jest Fundacja LOTTO.<\/p>\n\n\n\n<p class=\"wp-block-paragraph\">Ju\u017c kolejny rok z rz\u0119du jeste\u015bmy w gronie najlepszych klub\u00f3w w Polsce kt\u00f3rzy otrzymali wsparcie.<\/p>\n\n\n\n<p class=\"wp-block-paragraph\">Dzi\u0119ki temu mo\u017cemy stale podnosic jakosc szkolenia i stwarzac lepsze warunki do sportowego rozwoju.<\/p>\n\n\n\n<p class=\"wp-block-paragraph\">Podzi\u0119kowania dla zawodnik\u00f3w, i rodzic\u00f3w \u017ce tworz\u0105 nasza sportowa rodzin\u0119, trenerom I zarz\u0105dowi oraz wszystkim, kt\u00f3rzy wspieraj\u0105 nasze dzia\u0142ania statutowe.<\/p>\n\n\n\n<p class=\"wp-block-paragraph\">Wierzymy ze systematyczna i ci\u0119\u017cka praca da wspaniale owoce.<\/p>\n\n\n\n<p class=\"wp-block-paragraph\">Ministerstwo Sportu i Turystyki<\/p>\n\n\n\n<p class=\"wp-block-paragraph\">Miasto i Gmina Po\u0142aniec<\/p>\n\n\n\n<p class=\"wp-block-paragraph\">Fundacja Lotto<\/p>\n\n\n\n<figure class=\"wp-block-image size-large\"><img loading=\"lazy\" decoding=\"async\" width=\"1024\" height=\"380\" src=\"https:\/\/mksczarnipolaniec.pl\/wp-content\/uploads\/2026\/08\/738180716_1012136411566442_6205937092217774392_n-1-1024x380.jpg\" alt=\"\" class=\"wp-image-7793\" srcset=\"http:\/\/mksczarnipolaniec.pl\/wp-content\/uploads\/2026\/08\/738180716_1012136411566442_6205937092217774392_n-1-1024x380.jpg 1024w, http:\/\/mksczarnipolaniec.pl\/wp-content\/uploads\/2026\/08\/738180716_1012136411566442_6205937092217774392_n-1-300x111.jpg 300w, http:\/\/mksczarnipolaniec.pl\/wp-content\/uploads\/2026\/08\/738180716_1012136411566442_6205937092217774392_n-1-768x285.jpg 768w, http:\/\/mksczarnipolaniec.pl\/wp-content\/uploads\/2026\/08\/738180716_1012136411566442_6205937092217774392_n-1-128x48.jpg 128w, http:\/\/mksczarnipolaniec.pl\/wp-content\/uploads\/2026\/08\/738180716_1012136411566442_6205937092217774392_n-1-32x12.jpg 32w, http:\/\/mksczarnipolaniec.pl\/wp-content\/uploads\/2026\/08\/738180716_1012136411566442_6205937092217774392_n-1-200x74.jpg 200w, http:\/\/mksczarnipolaniec.pl\/wp-content\/uploads\/2026\/08\/738180716_1012136411566442_6205937092217774392_n-1-450x167.jpg 450w, http:\/\/mksczarnipolaniec.pl\/wp-content\/uploads\/2026\/08\/738180716_1012136411566442_6205937092217774392_n-1-600x223.jpg 600w, http:\/\/mksczarnipolaniec.pl\/wp-content\/uploads\/2026\/08\/738180716_1012136411566442_6205937092217774392_n-1.jpg 1080w\" sizes=\"auto, (max-width: 1024px) 100vw, 1024px\" \/><\/figure>\n","protected":false},"excerpt":{"rendered":"<p>Jeste\u015bmy niezmiernie wdzi\u0119czni za wsparcie programu Klub PRO, kt\u00f3rego operatorem krajowym jest Fundacja LOTTO. Ju\u017c kolejny rok z rz\u0119du jeste\u015bmy w gronie najlepszych klub\u00f3w w Polsce kt\u00f3rzy otrzymali wsparcie. Dzi\u0119ki&#8230;<\/p>\n","protected":false},"author":1,"featured_media":7792,"comment_status":"closed","ping_status":"closed","sticky":false,"template":"","format":"standard","meta":{"two_page_speed":[],"footnotes":""},"categories":[1],"tags":[],"class_list":["post-7791","post","type-post","status-publish","format-standard","has-post-thumbnail","hentry","category-bez-kategorii"],"yoast_head":"<!-- This site is optimized with the Yoast SEO plugin v27.8 - https:\/\/yoast.com\/product\/yoast-seo-wordpress\/ -->\n<title>Jeste\u015bmy niezmiernie wdzi\u0119czni za wsparcie - MKS Czarni Po\u0142aniec<\/title>\n<meta name=\"robots\" content=\"index, follow, max-snippet:-1, max-image-preview:large, max-video-preview:-1\" \/>\n<link rel=\"canonical\" href=\"https:\/\/mksczarnipolaniec.pl\/?p=7791\" \/>\n<meta property=\"og:locale\" content=\"pl_PL\" \/>\n<meta property=\"og:type\" content=\"article\" \/>\n<meta property=\"og:title\" content=\"Jeste\u015bmy niezmiernie wdzi\u0119czni za wsparcie - MKS Czarni Po\u0142aniec\" \/>\n<meta property=\"og:description\" content=\"Jeste\u015bmy niezmiernie wdzi\u0119czni za wsparcie programu Klub PRO, kt\u00f3rego operatorem krajowym jest Fundacja LOTTO. Ju\u017c kolejny rok z rz\u0119du jeste\u015bmy w gronie najlepszych klub\u00f3w w Polsce kt\u00f3rzy otrzymali wsparcie. Dzi\u0119ki...\" \/>\n<meta property=\"og:url\" content=\"https:\/\/mksczarnipolaniec.pl\/?p=7791\" \/>\n<meta property=\"og:site_name\" content=\"MKS Czarni Po\u0142aniec\" \/>\n<meta property=\"article:publisher\" content=\"https:\/\/www.facebook.com\/czarnipolaniec1948\" \/>\n<meta property=\"article:published_time\" content=\"2026-06-19T13:10:00+00:00\" \/>\n<meta property=\"article:modified_time\" content=\"2026-08-29T15:12:31+00:00\" \/>\n<meta property=\"og:image\" content=\"https:\/\/mksczarnipolaniec.pl\/wp-content\/uploads\/2026\/08\/738180716_1012136411566442_6205937092217774392_n.jpg\" \/>\n\t<meta property=\"og:image:width\" content=\"1080\" \/>\n\t<meta property=\"og:image:height\" content=\"401\" \/>\n\t<meta property=\"og:image:type\" content=\"image\/jpeg\" \/>\n<meta name=\"author\" content=\"Redakcja\" \/>\n<meta name=\"twitter:card\" content=\"summary_large_image\" \/>\n<meta name=\"twitter:creator\" content=\"@czarnipolaniec\" \/>\n<meta name=\"twitter:site\" content=\"@czarnipolaniec\" \/>\n<meta name=\"twitter:label1\" content=\"Napisane przez\" \/>\n\t<meta name=\"twitter:data1\" content=\"Redakcja\" \/>\n\t<meta name=\"twitter:label2\" content=\"Szacowany czas czytania\" \/>\n\t<meta name=\"twitter:data2\" content=\"1 minuta\" \/>\n<script type=\"application\/ld+json\" class=\"yoast-schema-graph\">{\"@context\":\"https:\\\/\\\/schema.org\",\"@graph\":[{\"@type\":\"Article\",\"@id\":\"https:\\\/\\\/mksczarnipolaniec.pl\\\/?p=7791#article\",\"isPartOf\":{\"@id\":\"https:\\\/\\\/mksczarnipolaniec.pl\\\/?p=7791\"},\"author\":{\"name\":\"Redakcja\",\"@id\":\"http:\\\/\\\/mksczarnipolaniec.pl\\\/#\\\/schema\\\/person\\\/6c5a8be8f86fe7e60b3d7aeca4cca7f0\"},\"headline\":\"Jeste\u015bmy niezmiernie wdzi\u0119czni za wsparcie\",\"datePublished\":\"2026-06-19T13:10:00+00:00\",\"dateModified\":\"2026-08-29T15:12:31+00:00\",\"mainEntityOfPage\":{\"@id\":\"https:\\\/\\\/mksczarnipolaniec.pl\\\/?p=7791\"},\"wordCount\":106,\"publisher\":{\"@id\":\"http:\\\/\\\/mksczarnipolaniec.pl\\\/#organization\"},\"image\":{\"@id\":\"https:\\\/\\\/mksczarnipolaniec.pl\\\/?p=7791#primaryimage\"},\"thumbnailUrl\":\"http:\\\/\\\/mksczarnipolaniec.pl\\\/wp-content\\\/uploads\\\/2026\\\/08\\\/738180716_1012136411566442_6205937092217774392_n.jpg\",\"inLanguage\":\"pl-PL\"},{\"@type\":\"WebPage\",\"@id\":\"https:\\\/\\\/mksczarnipolaniec.pl\\\/?p=7791\",\"url\":\"https:\\\/\\\/mksczarnipolaniec.pl\\\/?p=7791\",\"name\":\"Jeste\u015bmy niezmiernie wdzi\u0119czni za wsparcie - MKS Czarni Po\u0142aniec\",\"isPartOf\":{\"@id\":\"http:\\\/\\\/mksczarnipolaniec.pl\\\/#website\"},\"primaryImageOfPage\":{\"@id\":\"https:\\\/\\\/mksczarnipolaniec.pl\\\/?p=7791#primaryimage\"},\"image\":{\"@id\":\"https:\\\/\\\/mksczarnipolaniec.pl\\\/?p=7791#primaryimage\"},\"thumbnailUrl\":\"http:\\\/\\\/mksczarnipolaniec.pl\\\/wp-content\\\/uploads\\\/2026\\\/08\\\/738180716_1012136411566442_6205937092217774392_n.jpg\",\"datePublished\":\"2026-06-19T13:10:00+00:00\",\"dateModified\":\"2026-08-29T15:12:31+00:00\",\"breadcrumb\":{\"@id\":\"https:\\\/\\\/mksczarnipolaniec.pl\\\/?p=7791#breadcrumb\"},\"inLanguage\":\"pl-PL\",\"potentialAction\":[{\"@type\":\"ReadAction\",\"target\":[\"https:\\\/\\\/mksczarnipolaniec.pl\\\/?p=7791\"]}]},{\"@type\":\"ImageObject\",\"inLanguage\":\"pl-PL\",\"@id\":\"https:\\\/\\\/mksczarnipolaniec.pl\\\/?p=7791#primaryimage\",\"url\":\"http:\\\/\\\/mksczarnipolaniec.pl\\\/wp-content\\\/uploads\\\/2026\\\/08\\\/738180716_1012136411566442_6205937092217774392_n.jpg\",\"contentUrl\":\"http:\\\/\\\/mksczarnipolaniec.pl\\\/wp-content\\\/uploads\\\/2026\\\/08\\\/738180716_1012136411566442_6205937092217774392_n.jpg\",\"width\":1080,\"height\":401},{\"@type\":\"BreadcrumbList\",\"@id\":\"https:\\\/\\\/mksczarnipolaniec.pl\\\/?p=7791#breadcrumb\",\"itemListElement\":[{\"@type\":\"ListItem\",\"position\":1,\"name\":\"Strona g\u0142\u00f3wna\",\"item\":\"http:\\\/\\\/mksczarnipolaniec.pl\\\/\"},{\"@type\":\"ListItem\",\"position\":2,\"name\":\"Jeste\u015bmy niezmiernie wdzi\u0119czni za wsparcie\"}]},{\"@type\":\"WebSite\",\"@id\":\"http:\\\/\\\/mksczarnipolaniec.pl\\\/#website\",\"url\":\"http:\\\/\\\/mksczarnipolaniec.pl\\\/\",\"name\":\"Oficjalna strona klubu - MKS Czarni Po\u0142aniec\",\"description\":\"- Oficjalna Strona Klubu\",\"publisher\":{\"@id\":\"http:\\\/\\\/mksczarnipolaniec.pl\\\/#organization\"},\"potentialAction\":[{\"@type\":\"SearchAction\",\"target\":{\"@type\":\"EntryPoint\",\"urlTemplate\":\"http:\\\/\\\/mksczarnipolaniec.pl\\\/?s={search_term_string}\"},\"query-input\":{\"@type\":\"PropertyValueSpecification\",\"valueRequired\":true,\"valueName\":\"search_term_string\"}}],\"inLanguage\":\"pl-PL\"},{\"@type\":\"Organization\",\"@id\":\"http:\\\/\\\/mksczarnipolaniec.pl\\\/#organization\",\"name\":\"Oficjalna strona klubu - MKS Czarni Po\u0142aniec\",\"url\":\"http:\\\/\\\/mksczarnipolaniec.pl\\\/\",\"logo\":{\"@type\":\"ImageObject\",\"inLanguage\":\"pl-PL\",\"@id\":\"http:\\\/\\\/mksczarnipolaniec.pl\\\/#\\\/schema\\\/logo\\\/image\\\/\",\"url\":\"http:\\\/\\\/mksczarnipolaniec.pl\\\/wp-content\\\/uploads\\\/1910\\\/01\\\/Czarni-Polaniec-1.png\",\"contentUrl\":\"http:\\\/\\\/mksczarnipolaniec.pl\\\/wp-content\\\/uploads\\\/1910\\\/01\\\/Czarni-Polaniec-1.png\",\"width\":474,\"height\":512,\"caption\":\"Oficjalna strona klubu - MKS Czarni Po\u0142aniec\"},\"image\":{\"@id\":\"http:\\\/\\\/mksczarnipolaniec.pl\\\/#\\\/schema\\\/logo\\\/image\\\/\"},\"sameAs\":[\"https:\\\/\\\/www.facebook.com\\\/czarnipolaniec1948\",\"https:\\\/\\\/x.com\\\/czarnipolaniec\"]},{\"@type\":\"Person\",\"@id\":\"http:\\\/\\\/mksczarnipolaniec.pl\\\/#\\\/schema\\\/person\\\/6c5a8be8f86fe7e60b3d7aeca4cca7f0\",\"name\":\"Redakcja\",\"image\":{\"@type\":\"ImageObject\",\"inLanguage\":\"pl-PL\",\"@id\":\"https:\\\/\\\/secure.gravatar.com\\\/avatar\\\/b02da93292d5fed03f1c9802953622aed1cb75c3d0a7f7ad7ecceae73f23f797?s=96&d=mm&r=g\",\"url\":\"https:\\\/\\\/secure.gravatar.com\\\/avatar\\\/b02da93292d5fed03f1c9802953622aed1cb75c3d0a7f7ad7ecceae73f23f797?s=96&d=mm&r=g\",\"contentUrl\":\"https:\\\/\\\/secure.gravatar.com\\\/avatar\\\/b02da93292d5fed03f1c9802953622aed1cb75c3d0a7f7ad7ecceae73f23f797?s=96&d=mm&r=g\",\"caption\":\"Redakcja\"},\"sameAs\":[\"http:\\\/\\\/mksczarnipolaniec.pl\"],\"url\":\"http:\\\/\\\/mksczarnipolaniec.pl\\\/?author=1\"}]}<\/script>\n<!-- \/ Yoast SEO plugin. -->","yoast_head_json":{"title":"Jeste\u015bmy niezmiernie wdzi\u0119czni za wsparcie - MKS Czarni Po\u0142aniec","robots":{"index":"index","follow":"follow","max-snippet":"max-snippet:-1","max-image-preview":"max-image-preview:large","max-video-preview":"max-video-preview:-1"},"canonical":"https:\/\/mksczarnipolaniec.pl\/?p=7791","og_locale":"pl_PL","og_type":"article","og_title":"Jeste\u015bmy niezmiernie wdzi\u0119czni za wsparcie - MKS Czarni Po\u0142aniec","og_description":"Jeste\u015bmy niezmiernie wdzi\u0119czni za wsparcie programu Klub PRO, kt\u00f3rego operatorem krajowym jest Fundacja LOTTO. Ju\u017c kolejny rok z rz\u0119du jeste\u015bmy w gronie najlepszych klub\u00f3w w Polsce kt\u00f3rzy otrzymali wsparcie. Dzi\u0119ki...","og_url":"https:\/\/mksczarnipolaniec.pl\/?p=7791","og_site_name":"MKS Czarni Po\u0142aniec","article_publisher":"https:\/\/www.facebook.com\/czarnipolaniec1948","article_published_time":"2026-06-19T13:10:00+00:00","article_modified_time":"2026-08-29T15:12:31+00:00","og_image":[{"width":1080,"height":401,"url":"https:\/\/mksczarnipolaniec.pl\/wp-content\/uploads\/2026\/08\/738180716_1012136411566442_6205937092217774392_n.jpg","type":"image\/jpeg"}],"author":"Redakcja","twitter_card":"summary_large_image","twitter_creator":"@czarnipolaniec","twitter_site":"@czarnipolaniec","twitter_misc":{"Napisane przez":"Redakcja","Szacowany czas czytania":"1 minuta"},"schema":{"@context":"https:\/\/schema.org","@graph":[{"@type":"Article","@id":"https:\/\/mksczarnipolaniec.pl\/?p=7791#article","isPartOf":{"@id":"https:\/\/mksczarnipolaniec.pl\/?p=7791"},"author":{"name":"Redakcja","@id":"http:\/\/mksczarnipolaniec.pl\/#\/schema\/person\/6c5a8be8f86fe7e60b3d7aeca4cca7f0"},"headline":"Jeste\u015bmy niezmiernie wdzi\u0119czni za wsparcie","datePublished":"2026-06-19T13:10:00+00:00","dateModified":"2026-08-29T15:12:31+00:00","mainEntityOfPage":{"@id":"https:\/\/mksczarnipolaniec.pl\/?p=7791"},"wordCount":106,"publisher":{"@id":"http:\/\/mksczarnipolaniec.pl\/#organization"},"image":{"@id":"https:\/\/mksczarnipolaniec.pl\/?p=7791#primaryimage"},"thumbnailUrl":"http:\/\/mksczarnipolaniec.pl\/wp-content\/uploads\/2026\/08\/738180716_1012136411566442_6205937092217774392_n.jpg","inLanguage":"pl-PL"},{"@type":"WebPage","@id":"https:\/\/mksczarnipolaniec.pl\/?p=7791","url":"https:\/\/mksczarnipolaniec.pl\/?p=7791","name":"Jeste\u015bmy niezmiernie wdzi\u0119czni za wsparcie - MKS Czarni Po\u0142aniec","isPartOf":{"@id":"http:\/\/mksczarnipolaniec.pl\/#website"},"primaryImageOfPage":{"@id":"https:\/\/mksczarnipolaniec.pl\/?p=7791#primaryimage"},"image":{"@id":"https:\/\/mksczarnipolaniec.pl\/?p=7791#primaryimage"},"thumbnailUrl":"http:\/\/mksczarnipolaniec.pl\/wp-content\/uploads\/2026\/08\/738180716_1012136411566442_6205937092217774392_n.jpg","datePublished":"2026-06-19T13:10:00+00:00","dateModified":"2026-08-29T15:12:31+00:00","breadcrumb":{"@id":"https:\/\/mksczarnipolaniec.pl\/?p=7791#breadcrumb"},"inLanguage":"pl-PL","potentialAction":[{"@type":"ReadAction","target":["https:\/\/mksczarnipolaniec.pl\/?p=7791"]}]},{"@type":"ImageObject","inLanguage":"pl-PL","@id":"https:\/\/mksczarnipolaniec.pl\/?p=7791#primaryimage","url":"http:\/\/mksczarnipolaniec.pl\/wp-content\/uploads\/2026\/08\/738180716_1012136411566442_6205937092217774392_n.jpg","contentUrl":"http:\/\/mksczarnipolaniec.pl\/wp-content\/uploads\/2026\/08\/738180716_1012136411566442_6205937092217774392_n.jpg","width":1080,"height":401},{"@type":"BreadcrumbList","@id":"https:\/\/mksczarnipolaniec.pl\/?p=7791#breadcrumb","itemListElement":[{"@type":"ListItem","position":1,"name":"Strona g\u0142\u00f3wna","item":"http:\/\/mksczarnipolaniec.pl\/"},{"@type":"ListItem","position":2,"name":"Jeste\u015bmy niezmiernie wdzi\u0119czni za wsparcie"}]},{"@type":"WebSite","@id":"http:\/\/mksczarnipolaniec.pl\/#website","url":"http:\/\/mksczarnipolaniec.pl\/","name":"Oficjalna strona klubu - MKS Czarni Po\u0142aniec","description":"- Oficjalna Strona Klubu","publisher":{"@id":"http:\/\/mksczarnipolaniec.pl\/#organization"},"potentialAction":[{"@type":"SearchAction","target":{"@type":"EntryPoint","urlTemplate":"http:\/\/mksczarnipolaniec.pl\/?s={search_term_string}"},"query-input":{"@type":"PropertyValueSpecification","valueRequired":true,"valueName":"search_term_string"}}],"inLanguage":"pl-PL"},{"@type":"Organization","@id":"http:\/\/mksczarnipolaniec.pl\/#organization","name":"Oficjalna strona klubu - MKS Czarni Po\u0142aniec","url":"http:\/\/mksczarnipolaniec.pl\/","logo":{"@type":"ImageObject","inLanguage":"pl-PL","@id":"http:\/\/mksczarnipolaniec.pl\/#\/schema\/logo\/image\/","url":"http:\/\/mksczarnipolaniec.pl\/wp-content\/uploads\/1910\/01\/Czarni-Polaniec-1.png","contentUrl":"http:\/\/mksczarnipolaniec.pl\/wp-content\/uploads\/1910\/01\/Czarni-Polaniec-1.png","width":474,"height":512,"caption":"Oficjalna strona klubu - MKS Czarni Po\u0142aniec"},"image":{"@id":"http:\/\/mksczarnipolaniec.pl\/#\/schema\/logo\/image\/"},"sameAs":["https:\/\/www.facebook.com\/czarnipolaniec1948","https:\/\/x.com\/czarnipolaniec"]},{"@type":"Person","@id":"http:\/\/mksczarnipolaniec.pl\/#\/schema\/person\/6c5a8be8f86fe7e60b3d7aeca4cca7f0","name":"Redakcja","image":{"@type":"ImageObject","inLanguage":"pl-PL","@id":"https:\/\/secure.gravatar.com\/avatar\/b02da93292d5fed03f1c9802953622aed1cb75c3d0a7f7ad7ecceae73f23f797?s=96&d=mm&r=g","url":"https:\/\/secure.gravatar.com\/avatar\/b02da93292d5fed03f1c9802953622aed1cb75c3d0a7f7ad7ecceae73f23f797?s=96&d=mm&r=g","contentUrl":"https:\/\/secure.gravatar.com\/avatar\/b02da93292d5fed03f1c9802953622aed1cb75c3d0a7f7ad7ecceae73f23f797?s=96&d=mm&r=g","caption":"Redakcja"},"sameAs":["http:\/\/mksczarnipolaniec.pl"],"url":"http:\/\/mksczarnipolaniec.pl\/?author=1"}]}},"_links":{"self":[{"href":"http:\/\/mksczarnipolaniec.pl\/index.php?rest_route=\/wp\/v2\/posts\/7791","targetHints":{"allow":["GET"]}}],"collection":[{"href":"http:\/\/mksczarnipolaniec.pl\/index.php?rest_route=\/wp\/v2\/posts"}],"about":[{"href":"http:\/\/mksczarnipolaniec.pl\/index.php?rest_route=\/wp\/v2\/types\/post"}],"author":[{"embeddable":true,"href":"http:\/\/mksczarnipolaniec.pl\/index.php?rest_route=\/wp\/v2\/users\/1"}],"replies":[{"embeddable":true,"href":"http:\/\/mksczarnipolaniec.pl\/index.php?rest_route=%2Fwp%2Fv2%2Fcomments&post=7791"}],"version-history":[{"count":1,"href":"http:\/\/mksczarnipolaniec.pl\/index.php?rest_route=\/wp\/v2\/posts\/7791\/revisions"}],"predecessor-version":[{"id":7794,"href":"http:\/\/mksczarnipolaniec.pl\/index.php?rest_route=\/wp\/v2\/posts\/7791\/revisions\/7794"}],"wp:featuredmedia":[{"embeddable":true,"href":"http:\/\/mksczarnipolaniec.pl\/index.php?rest_route=\/wp\/v2\/media\/7792"}],"wp:attachment":[{"href":"http:\/\/mksczarnipolaniec.pl\/index.php?rest_route=%2Fwp%2Fv2%2Fmedia&parent=7791"}],"wp:term":[{"taxonomy":"category","embeddable":true,"href":"http:\/\/mksczarnipolaniec.pl\/index.php?rest_route=%2Fwp%2Fv2%2Fcategories&post=7791"},{"taxonomy":"post_tag","embeddable":true,"href":"http:\/\/mksczarnipolaniec.pl\/index.php?rest_route=%2Fwp%2Fv2%2Ftags&post=7791"}],"curies":[{"name":"wp","href":"https:\/\/api.w.org\/{rel}","templated":true}]}}