{"id":7237,"date":"2026-04-26T11:46:33","date_gmt":"2026-04-26T09:46:33","guid":{"rendered":"https:\/\/mksczarnipolaniec.pl\/?p=7237"},"modified":"2026-04-26T11:46:34","modified_gmt":"2026-04-26T09:46:34","slug":"niedosyt-w-polancu-czarni-dziela-sie-punktami-ze-stala-krasnik","status":"publish","type":"post","link":"https:\/\/mksczarnipolaniec.pl\/?p=7237","title":{"rendered":"Niedosyt w Po\u0142a\u0144cu. Czarni dziel\u0105 si\u0119 punktami ze Stal\u0105 Kra\u015bnik"},"content":{"rendered":"\n<p><strong>Mimo walki do samego ko\u0144ca i obj\u0119cia prowadzenia w ko\u0144c\u00f3wce spotkania, Czarni Po\u0142aniec zaledwie remisuj\u0105 ze Stal\u0105 Kra\u015bnik 1:1. Kibice zgromadzeni przy Sportowej prze\u017cyli prawdziwy rollercoaster emocji w ostatnich minutach meczu.<\/strong><\/p>\n\n\n<div class=\"wp-block-image\">\n<figure class=\"aligncenter size-full\"><img loading=\"lazy\" decoding=\"async\" width=\"960\" height=\"639\" src=\"https:\/\/mksczarnipolaniec.pl\/wp-content\/uploads\/2026\/04\/il20260425_963780997_large.jpg\" alt=\"\" class=\"wp-image-7240\" srcset=\"https:\/\/mksczarnipolaniec.pl\/wp-content\/uploads\/2026\/04\/il20260425_963780997_large.jpg 960w, https:\/\/mksczarnipolaniec.pl\/wp-content\/uploads\/2026\/04\/il20260425_963780997_large-300x200.jpg 300w, https:\/\/mksczarnipolaniec.pl\/wp-content\/uploads\/2026\/04\/il20260425_963780997_large-768x511.jpg 768w, https:\/\/mksczarnipolaniec.pl\/wp-content\/uploads\/2026\/04\/il20260425_963780997_large-128x85.jpg 128w, https:\/\/mksczarnipolaniec.pl\/wp-content\/uploads\/2026\/04\/il20260425_963780997_large-32x21.jpg 32w, https:\/\/mksczarnipolaniec.pl\/wp-content\/uploads\/2026\/04\/il20260425_963780997_large-901x600.jpg 901w, https:\/\/mksczarnipolaniec.pl\/wp-content\/uploads\/2026\/04\/il20260425_963780997_large-200x133.jpg 200w, https:\/\/mksczarnipolaniec.pl\/wp-content\/uploads\/2026\/04\/il20260425_963780997_large-450x300.jpg 450w, https:\/\/mksczarnipolaniec.pl\/wp-content\/uploads\/2026\/04\/il20260425_963780997_large-600x399.jpg 600w\" sizes=\"auto, (max-width: 960px) 100vw, 960px\" \/><figcaption class=\"wp-element-caption\">\ud83d\udcf8fot. Dorota Prokop<\/figcaption><\/figure>\n<\/div>\n\n\n<p>Sobotnie starcie zapowiada\u0142o si\u0119 jako twardy, ligowy pojedynek i dok\u0142adnie tak wygl\u0105da\u0142o na boisku. Podopieczni Sebastiana Rygu\u0142y od pocz\u0105tku starali si\u0119 narzuci\u0107 sw\u00f3j styl gry, jednak dobrze zorganizowana defensywa go\u015bci z Kra\u015bnika d\u0142ugo pozostawa\u0142a nieugi\u0119ta.<\/p>\n\n\n\n<p><strong>Gor\u0105ca ko\u0144c\u00f3wka<\/strong>:<\/p>\n\n\n\n<p><br>Prawdziwe emocje rozpocz\u0119\u0142y si\u0119 dopiero w 82. minucie. Po \u015bwietnej wrzutce z autu w pole karne, pi\u0142k\u0119 do siatki skierowa\u0142 <strong>Igor Kierys<\/strong>, wprawiaj\u0105c trybuny w eufori\u0119. Wydawa\u0142o si\u0119, \u017ce trzy punkty zostan\u0105 w Po\u0142a\u0144cu, a dru\u017cyna sprawi idealny prezent urodzinowy Marcinowi Wieczerzakowi.<\/p>\n\n\n\n<p>Niestety, rado\u015b\u0107 gospodarzy nie trwa\u0142a d\u0142ugo. Stal Kra\u015bnik rzuci\u0142a si\u0119 do odrabiania strat i ju\u017c w 86. minucie odpowiedzia\u0142a trafieniem. Autorem wyr\u00f3wnuj\u0105cej bramki by\u0142 Antoni \u0141ukawski, kt\u00f3ry wykorzysta\u0142 chwil\u0119 nieuwagi w naszych szeregach obronnych.<\/p>\n\n\n\n<p>Mimo stara\u0144 w doliczonym czasie gry, wynik nie uleg\u0142 ju\u017c zmianie. Czarni dopisuj\u0105 do swojego konta jeden punkt, cho\u0107 patrz\u0105c na przebieg ko\u0144c\u00f3wki, pozostaje spory niedosyt. <\/p>\n\n\n\n<p>Dzi\u0119kujemy kibicom za liczne przybycie i g\u0142o\u015bny doping przez ca\u0142e 90 minut! Teraz czas na analiz\u0119 b\u0142\u0119d\u00f3w i przygotowania do kolejnego ligowego spotkania, kt\u00f3ry ju\u017c 1 maja rozegramt o godzinie 16 w \u015awidniku z tamtejsz\u0105 \u015awidniczank\u0105.<\/p>\n\n\n\n<p><strong>MKS Czarni Po\u0142aniec &#8211; FKS Stal Kra\u015bnik 1:1 (0:0)<\/strong><\/p>\n\n\n\n<p>Protok\u00f3\u0142 (Przebiegu Meczu)<\/p>\n\n\n\n<p>strzelcy bramek:<\/p>\n\n\n\n<ul class=\"wp-block-list\">\n<li>\u26bd <strong>1-0<\/strong> Igor Kierys &#8211; MKS Czarni Po\u0142aniec (82\u2019)<\/li>\n\n\n\n<li>\u26bd <strong>1-1<\/strong> Antoni \u0141ukawski &#8211; FKS Stal Kra\u015bnik (86\u2019)<\/li>\n<\/ul>\n\n\n\n<p>\u2696\ufe0f <strong>S\u0119dzia:<\/strong> Marcin Bielawski (Katowice) \ud83c\udfc1<\/p>\n\n\n\n<p><strong>MKS Czarni Po\u0142aniec: 41.<\/strong> Piotr Chrapusta BR &#8211; <strong>2.<\/strong> Ricat Qarayev, <strong>4. <\/strong>Adrian Skrzyniak, <strong>6.<\/strong> Mateusz Chmielowiec, <strong>7. <\/strong>Brian Gaj, <strong>10.<\/strong> Adam Kramarz, <strong>11.<\/strong> Damian Bawor (<strong>C<\/strong>), <strong>16.<\/strong> Maksymilian Szady, <strong>18.<\/strong> Igor Kierys, <strong>70.<\/strong> Grzegorz P\u0142atek, <strong>88. <\/strong>Bartosz Paszczela. &#8211; <strong>Trener:<\/strong> Sebastian Rygu\u0142a.<\/p>\n\n\n\n<figure class=\"wp-block-image size-large\"><img loading=\"lazy\" decoding=\"async\" width=\"1024\" height=\"657\" src=\"http:\/\/mksczarnipolaniec.pl\/wp-content\/uploads\/2026\/03\/Miejski-Klub-Sportowy-Sponsorzy-1024x657.png\" alt=\"\" class=\"wp-image-7117\" srcset=\"https:\/\/mksczarnipolaniec.pl\/wp-content\/uploads\/2026\/03\/Miejski-Klub-Sportowy-Sponsorzy-1024x657.png 1024w, https:\/\/mksczarnipolaniec.pl\/wp-content\/uploads\/2026\/03\/Miejski-Klub-Sportowy-Sponsorzy-300x193.png 300w, https:\/\/mksczarnipolaniec.pl\/wp-content\/uploads\/2026\/03\/Miejski-Klub-Sportowy-Sponsorzy-768x493.png 768w, https:\/\/mksczarnipolaniec.pl\/wp-content\/uploads\/2026\/03\/Miejski-Klub-Sportowy-Sponsorzy-1536x986.png 1536w, https:\/\/mksczarnipolaniec.pl\/wp-content\/uploads\/2026\/03\/Miejski-Klub-Sportowy-Sponsorzy-128x82.png 128w, https:\/\/mksczarnipolaniec.pl\/wp-content\/uploads\/2026\/03\/Miejski-Klub-Sportowy-Sponsorzy-32x21.png 32w, https:\/\/mksczarnipolaniec.pl\/wp-content\/uploads\/2026\/03\/Miejski-Klub-Sportowy-Sponsorzy-360x230.png 360w, https:\/\/mksczarnipolaniec.pl\/wp-content\/uploads\/2026\/03\/Miejski-Klub-Sportowy-Sponsorzy-935x600.png 935w, https:\/\/mksczarnipolaniec.pl\/wp-content\/uploads\/2026\/03\/Miejski-Klub-Sportowy-Sponsorzy-1140x732.png 1140w, https:\/\/mksczarnipolaniec.pl\/wp-content\/uploads\/2026\/03\/Miejski-Klub-Sportowy-Sponsorzy-200x128.png 200w, https:\/\/mksczarnipolaniec.pl\/wp-content\/uploads\/2026\/03\/Miejski-Klub-Sportowy-Sponsorzy-450x289.png 450w, https:\/\/mksczarnipolaniec.pl\/wp-content\/uploads\/2026\/03\/Miejski-Klub-Sportowy-Sponsorzy-600x385.png 600w, https:\/\/mksczarnipolaniec.pl\/wp-content\/uploads\/2026\/03\/Miejski-Klub-Sportowy-Sponsorzy.png 2000w\" sizes=\"auto, (max-width: 1024px) 100vw, 1024px\" \/><\/figure>\n","protected":false},"excerpt":{"rendered":"<p>Mimo walki do samego ko\u0144ca i obj\u0119cia prowadzenia w ko\u0144c\u00f3wce spotkania, Czarni Po\u0142aniec zaledwie remisuj\u0105 ze Stal\u0105 Kra\u015bnik 1:1. Kibice zgromadzeni przy Sportowej prze\u017cyli prawdziwy rollercoaster emocji w ostatnich minutach&#8230;<\/p>\n","protected":false},"author":1,"featured_media":7239,"comment_status":"open","ping_status":"open","sticky":false,"template":"","format":"standard","meta":{"two_page_speed":[],"footnotes":""},"categories":[376,408,204,96,109],"tags":[105,377,489,162,94,127,310],"class_list":["post-7237","post","type-post","status-publish","format-standard","has-post-thumbnail","hentry","category-betclic-3-liga-iv","category-laczy-nas-3-liga","category-laczy-nas-pilka","category-mks-czarni-polaniec","category-sekcja-pilkarska","tag-3-liga","tag-betclic-3-liga","tag-fks-stal-krasnik","tag-laczy-nas-pilka","tag-mks-czarni-polaniec","tag-pzpn","tag-sekcja-pilkarska"],"yoast_head":"<!-- This site is optimized with the Yoast SEO plugin v24.5 - https:\/\/yoast.com\/wordpress\/plugins\/seo\/ -->\n<title>Niedosyt w Po\u0142a\u0144cu. Czarni dziel\u0105 si\u0119 punktami ze Stal\u0105 Kra\u015bnik - MKS Czarni Po\u0142aniec<\/title>\n<meta name=\"robots\" content=\"index, follow, max-snippet:-1, max-image-preview:large, max-video-preview:-1\" \/>\n<link rel=\"canonical\" href=\"https:\/\/mksczarnipolaniec.pl\/?p=7237\" \/>\n<meta property=\"og:locale\" content=\"pl_PL\" \/>\n<meta property=\"og:type\" content=\"article\" \/>\n<meta property=\"og:title\" content=\"Niedosyt w Po\u0142a\u0144cu. Czarni dziel\u0105 si\u0119 punktami ze Stal\u0105 Kra\u015bnik - MKS Czarni Po\u0142aniec\" \/>\n<meta property=\"og:description\" content=\"Mimo walki do samego ko\u0144ca i obj\u0119cia prowadzenia w ko\u0144c\u00f3wce spotkania, Czarni Po\u0142aniec zaledwie remisuj\u0105 ze Stal\u0105 Kra\u015bnik 1:1. Kibice zgromadzeni przy Sportowej prze\u017cyli prawdziwy rollercoaster emocji w ostatnich minutach...\" \/>\n<meta property=\"og:url\" content=\"https:\/\/mksczarnipolaniec.pl\/?p=7237\" \/>\n<meta property=\"og:site_name\" content=\"MKS Czarni Po\u0142aniec\" \/>\n<meta property=\"article:publisher\" content=\"https:\/\/www.facebook.com\/czarnipolaniec1948\" \/>\n<meta property=\"article:published_time\" content=\"2026-04-26T09:46:33+00:00\" \/>\n<meta property=\"article:modified_time\" content=\"2026-04-26T09:46:34+00:00\" \/>\n<meta property=\"og:image\" content=\"http:\/\/mksczarnipolaniec.pl\/wp-content\/uploads\/2026\/04\/il20260425_963780983_large.jpg\" \/>\n\t<meta property=\"og:image:width\" content=\"960\" \/>\n\t<meta property=\"og:image:height\" content=\"640\" \/>\n\t<meta property=\"og:image:type\" content=\"image\/jpeg\" \/>\n<meta name=\"author\" content=\"Redakcja\" \/>\n<meta name=\"twitter:card\" content=\"summary_large_image\" \/>\n<meta name=\"twitter:creator\" content=\"@czarnipolaniec\" \/>\n<meta name=\"twitter:site\" content=\"@czarnipolaniec\" \/>\n<meta name=\"twitter:label1\" content=\"Napisane przez\" \/>\n\t<meta name=\"twitter:data1\" content=\"Redakcja\" \/>\n\t<meta name=\"twitter:label2\" content=\"Szacowany czas czytania\" \/>\n\t<meta name=\"twitter:data2\" content=\"3 minuty\" \/>\n<script type=\"application\/ld+json\" class=\"yoast-schema-graph\">{\"@context\":\"https:\/\/schema.org\",\"@graph\":[{\"@type\":\"Article\",\"@id\":\"https:\/\/mksczarnipolaniec.pl\/?p=7237#article\",\"isPartOf\":{\"@id\":\"https:\/\/mksczarnipolaniec.pl\/?p=7237\"},\"author\":{\"name\":\"Redakcja\",\"@id\":\"http:\/\/mksczarnipolaniec.pl\/#\/schema\/person\/6c5a8be8f86fe7e60b3d7aeca4cca7f0\"},\"headline\":\"Niedosyt w Po\u0142a\u0144cu. Czarni dziel\u0105 si\u0119 punktami ze Stal\u0105 Kra\u015bnik\",\"datePublished\":\"2026-04-26T09:46:33+00:00\",\"dateModified\":\"2026-04-26T09:46:34+00:00\",\"mainEntityOfPage\":{\"@id\":\"https:\/\/mksczarnipolaniec.pl\/?p=7237\"},\"wordCount\":333,\"commentCount\":0,\"publisher\":{\"@id\":\"http:\/\/mksczarnipolaniec.pl\/#organization\"},\"image\":{\"@id\":\"https:\/\/mksczarnipolaniec.pl\/?p=7237#primaryimage\"},\"thumbnailUrl\":\"https:\/\/mksczarnipolaniec.pl\/wp-content\/uploads\/2026\/04\/il20260425_963780983_large.jpg\",\"keywords\":[\"3 liga\",\"Betclic 3 liga\",\"FKS Stal Kra\u015bnik\",\"\u0141\u0105czy Nas Pi\u0142ka\",\"MKS Czarni Po\u0142aniec\",\"PZPN\",\"Sekcja Pi\u0142karska\"],\"articleSection\":[\"Betclic 3 liga - IV\",\"\u0141\u0105czy Nas 3 Liga\",\"\u0141\u0105czy Nas Pi\u0142ka\",\"MKS Czarni Po\u0142aniec\",\"Sekcja Pi\u0142karska\"],\"inLanguage\":\"pl-PL\",\"potentialAction\":[{\"@type\":\"CommentAction\",\"name\":\"Comment\",\"target\":[\"https:\/\/mksczarnipolaniec.pl\/?p=7237#respond\"]}]},{\"@type\":\"WebPage\",\"@id\":\"https:\/\/mksczarnipolaniec.pl\/?p=7237\",\"url\":\"https:\/\/mksczarnipolaniec.pl\/?p=7237\",\"name\":\"Niedosyt w Po\u0142a\u0144cu. Czarni dziel\u0105 si\u0119 punktami ze Stal\u0105 Kra\u015bnik - MKS Czarni Po\u0142aniec\",\"isPartOf\":{\"@id\":\"http:\/\/mksczarnipolaniec.pl\/#website\"},\"primaryImageOfPage\":{\"@id\":\"https:\/\/mksczarnipolaniec.pl\/?p=7237#primaryimage\"},\"image\":{\"@id\":\"https:\/\/mksczarnipolaniec.pl\/?p=7237#primaryimage\"},\"thumbnailUrl\":\"https:\/\/mksczarnipolaniec.pl\/wp-content\/uploads\/2026\/04\/il20260425_963780983_large.jpg\",\"datePublished\":\"2026-04-26T09:46:33+00:00\",\"dateModified\":\"2026-04-26T09:46:34+00:00\",\"breadcrumb\":{\"@id\":\"https:\/\/mksczarnipolaniec.pl\/?p=7237#breadcrumb\"},\"inLanguage\":\"pl-PL\",\"potentialAction\":[{\"@type\":\"ReadAction\",\"target\":[\"https:\/\/mksczarnipolaniec.pl\/?p=7237\"]}]},{\"@type\":\"ImageObject\",\"inLanguage\":\"pl-PL\",\"@id\":\"https:\/\/mksczarnipolaniec.pl\/?p=7237#primaryimage\",\"url\":\"https:\/\/mksczarnipolaniec.pl\/wp-content\/uploads\/2026\/04\/il20260425_963780983_large.jpg\",\"contentUrl\":\"https:\/\/mksczarnipolaniec.pl\/wp-content\/uploads\/2026\/04\/il20260425_963780983_large.jpg\",\"width\":960,\"height\":640},{\"@type\":\"BreadcrumbList\",\"@id\":\"https:\/\/mksczarnipolaniec.pl\/?p=7237#breadcrumb\",\"itemListElement\":[{\"@type\":\"ListItem\",\"position\":1,\"name\":\"Strona g\u0142\u00f3wna\",\"item\":\"http:\/\/mksczarnipolaniec.pl\/\"},{\"@type\":\"ListItem\",\"position\":2,\"name\":\"Niedosyt w Po\u0142a\u0144cu. Czarni dziel\u0105 si\u0119 punktami ze Stal\u0105 Kra\u015bnik\"}]},{\"@type\":\"WebSite\",\"@id\":\"http:\/\/mksczarnipolaniec.pl\/#website\",\"url\":\"http:\/\/mksczarnipolaniec.pl\/\",\"name\":\"Oficjalna strona klubu - MKS Czarni Po\u0142aniec\",\"description\":\"- Oficjalna Strona Klubu\",\"publisher\":{\"@id\":\"http:\/\/mksczarnipolaniec.pl\/#organization\"},\"potentialAction\":[{\"@type\":\"SearchAction\",\"target\":{\"@type\":\"EntryPoint\",\"urlTemplate\":\"http:\/\/mksczarnipolaniec.pl\/?s={search_term_string}\"},\"query-input\":{\"@type\":\"PropertyValueSpecification\",\"valueRequired\":true,\"valueName\":\"search_term_string\"}}],\"inLanguage\":\"pl-PL\"},{\"@type\":\"Organization\",\"@id\":\"http:\/\/mksczarnipolaniec.pl\/#organization\",\"name\":\"Oficjalna strona klubu - MKS Czarni Po\u0142aniec\",\"url\":\"http:\/\/mksczarnipolaniec.pl\/\",\"logo\":{\"@type\":\"ImageObject\",\"inLanguage\":\"pl-PL\",\"@id\":\"http:\/\/mksczarnipolaniec.pl\/#\/schema\/logo\/image\/\",\"url\":\"https:\/\/mksczarnipolaniec.pl\/wp-content\/uploads\/1910\/01\/Czarni-Polaniec-1.png\",\"contentUrl\":\"https:\/\/mksczarnipolaniec.pl\/wp-content\/uploads\/1910\/01\/Czarni-Polaniec-1.png\",\"width\":474,\"height\":512,\"caption\":\"Oficjalna strona klubu - MKS Czarni Po\u0142aniec\"},\"image\":{\"@id\":\"http:\/\/mksczarnipolaniec.pl\/#\/schema\/logo\/image\/\"},\"sameAs\":[\"https:\/\/www.facebook.com\/czarnipolaniec1948\",\"https:\/\/x.com\/czarnipolaniec\"]},{\"@type\":\"Person\",\"@id\":\"http:\/\/mksczarnipolaniec.pl\/#\/schema\/person\/6c5a8be8f86fe7e60b3d7aeca4cca7f0\",\"name\":\"Redakcja\",\"image\":{\"@type\":\"ImageObject\",\"inLanguage\":\"pl-PL\",\"@id\":\"http:\/\/mksczarnipolaniec.pl\/#\/schema\/person\/image\/\",\"url\":\"https:\/\/secure.gravatar.com\/avatar\/b02da93292d5fed03f1c9802953622aed1cb75c3d0a7f7ad7ecceae73f23f797?s=96&d=mm&r=g\",\"contentUrl\":\"https:\/\/secure.gravatar.com\/avatar\/b02da93292d5fed03f1c9802953622aed1cb75c3d0a7f7ad7ecceae73f23f797?s=96&d=mm&r=g\",\"caption\":\"Redakcja\"},\"description\":\"Pochodz\u0119 z Krakowa, swoje pocz\u0105tki dziennikarskie zaczyna\u0142em w takich klubach jak, Naprz\u00f3d Ujazd Niezdrowice, MKS Puszcza Niepo\u0142omice oraz MKS Czarni Po\u0142aniec. Najwi\u0119ksze do\u015bwiadczenie prasowe zebra\u0142em w Puszczy do kt\u00f3rej do\u0142\u0105czy\u0142em w 2010 roku, nast\u0119pnie przez dwa lata wsp\u00f3\u0142tworzy\u0142em serwis internetowy oraz odpowiada\u0142em za promocj\u0119 klubu w ca\u0142ej gminie - Niepo\u0142omice. Z pocz\u0105tkiem 2016 roku rozpocz\u0105\u0142em prac\u0119 w MKS Czarni Po\u0142aniec gdzie mia\u0142em zbudowa\u0107 silne media klubu, kt\u00f3re obecnie etapowo pr\u00f3buje wdra\u017ca\u0107.\",\"sameAs\":[\"http:\/\/mksczarnipolaniec.pl\"],\"url\":\"https:\/\/mksczarnipolaniec.pl\/?author=1\"}]}<\/script>\n<!-- \/ Yoast SEO plugin. -->","yoast_head_json":{"title":"Niedosyt w Po\u0142a\u0144cu. Czarni dziel\u0105 si\u0119 punktami ze Stal\u0105 Kra\u015bnik - MKS Czarni Po\u0142aniec","robots":{"index":"index","follow":"follow","max-snippet":"max-snippet:-1","max-image-preview":"max-image-preview:large","max-video-preview":"max-video-preview:-1"},"canonical":"https:\/\/mksczarnipolaniec.pl\/?p=7237","og_locale":"pl_PL","og_type":"article","og_title":"Niedosyt w Po\u0142a\u0144cu. Czarni dziel\u0105 si\u0119 punktami ze Stal\u0105 Kra\u015bnik - MKS Czarni Po\u0142aniec","og_description":"Mimo walki do samego ko\u0144ca i obj\u0119cia prowadzenia w ko\u0144c\u00f3wce spotkania, Czarni Po\u0142aniec zaledwie remisuj\u0105 ze Stal\u0105 Kra\u015bnik 1:1. Kibice zgromadzeni przy Sportowej prze\u017cyli prawdziwy rollercoaster emocji w ostatnich minutach...","og_url":"https:\/\/mksczarnipolaniec.pl\/?p=7237","og_site_name":"MKS Czarni Po\u0142aniec","article_publisher":"https:\/\/www.facebook.com\/czarnipolaniec1948","article_published_time":"2026-04-26T09:46:33+00:00","article_modified_time":"2026-04-26T09:46:34+00:00","og_image":[{"width":960,"height":640,"url":"http:\/\/mksczarnipolaniec.pl\/wp-content\/uploads\/2026\/04\/il20260425_963780983_large.jpg","type":"image\/jpeg"}],"author":"Redakcja","twitter_card":"summary_large_image","twitter_creator":"@czarnipolaniec","twitter_site":"@czarnipolaniec","twitter_misc":{"Napisane przez":"Redakcja","Szacowany czas czytania":"3 minuty"},"schema":{"@context":"https:\/\/schema.org","@graph":[{"@type":"Article","@id":"https:\/\/mksczarnipolaniec.pl\/?p=7237#article","isPartOf":{"@id":"https:\/\/mksczarnipolaniec.pl\/?p=7237"},"author":{"name":"Redakcja","@id":"http:\/\/mksczarnipolaniec.pl\/#\/schema\/person\/6c5a8be8f86fe7e60b3d7aeca4cca7f0"},"headline":"Niedosyt w Po\u0142a\u0144cu. Czarni dziel\u0105 si\u0119 punktami ze Stal\u0105 Kra\u015bnik","datePublished":"2026-04-26T09:46:33+00:00","dateModified":"2026-04-26T09:46:34+00:00","mainEntityOfPage":{"@id":"https:\/\/mksczarnipolaniec.pl\/?p=7237"},"wordCount":333,"commentCount":0,"publisher":{"@id":"http:\/\/mksczarnipolaniec.pl\/#organization"},"image":{"@id":"https:\/\/mksczarnipolaniec.pl\/?p=7237#primaryimage"},"thumbnailUrl":"https:\/\/mksczarnipolaniec.pl\/wp-content\/uploads\/2026\/04\/il20260425_963780983_large.jpg","keywords":["3 liga","Betclic 3 liga","FKS Stal Kra\u015bnik","\u0141\u0105czy Nas Pi\u0142ka","MKS Czarni Po\u0142aniec","PZPN","Sekcja Pi\u0142karska"],"articleSection":["Betclic 3 liga - IV","\u0141\u0105czy Nas 3 Liga","\u0141\u0105czy Nas Pi\u0142ka","MKS Czarni Po\u0142aniec","Sekcja Pi\u0142karska"],"inLanguage":"pl-PL","potentialAction":[{"@type":"CommentAction","name":"Comment","target":["https:\/\/mksczarnipolaniec.pl\/?p=7237#respond"]}]},{"@type":"WebPage","@id":"https:\/\/mksczarnipolaniec.pl\/?p=7237","url":"https:\/\/mksczarnipolaniec.pl\/?p=7237","name":"Niedosyt w Po\u0142a\u0144cu. Czarni dziel\u0105 si\u0119 punktami ze Stal\u0105 Kra\u015bnik - MKS Czarni Po\u0142aniec","isPartOf":{"@id":"http:\/\/mksczarnipolaniec.pl\/#website"},"primaryImageOfPage":{"@id":"https:\/\/mksczarnipolaniec.pl\/?p=7237#primaryimage"},"image":{"@id":"https:\/\/mksczarnipolaniec.pl\/?p=7237#primaryimage"},"thumbnailUrl":"https:\/\/mksczarnipolaniec.pl\/wp-content\/uploads\/2026\/04\/il20260425_963780983_large.jpg","datePublished":"2026-04-26T09:46:33+00:00","dateModified":"2026-04-26T09:46:34+00:00","breadcrumb":{"@id":"https:\/\/mksczarnipolaniec.pl\/?p=7237#breadcrumb"},"inLanguage":"pl-PL","potentialAction":[{"@type":"ReadAction","target":["https:\/\/mksczarnipolaniec.pl\/?p=7237"]}]},{"@type":"ImageObject","inLanguage":"pl-PL","@id":"https:\/\/mksczarnipolaniec.pl\/?p=7237#primaryimage","url":"https:\/\/mksczarnipolaniec.pl\/wp-content\/uploads\/2026\/04\/il20260425_963780983_large.jpg","contentUrl":"https:\/\/mksczarnipolaniec.pl\/wp-content\/uploads\/2026\/04\/il20260425_963780983_large.jpg","width":960,"height":640},{"@type":"BreadcrumbList","@id":"https:\/\/mksczarnipolaniec.pl\/?p=7237#breadcrumb","itemListElement":[{"@type":"ListItem","position":1,"name":"Strona g\u0142\u00f3wna","item":"http:\/\/mksczarnipolaniec.pl\/"},{"@type":"ListItem","position":2,"name":"Niedosyt w Po\u0142a\u0144cu. Czarni dziel\u0105 si\u0119 punktami ze Stal\u0105 Kra\u015bnik"}]},{"@type":"WebSite","@id":"http:\/\/mksczarnipolaniec.pl\/#website","url":"http:\/\/mksczarnipolaniec.pl\/","name":"Oficjalna strona klubu - MKS Czarni Po\u0142aniec","description":"- Oficjalna Strona Klubu","publisher":{"@id":"http:\/\/mksczarnipolaniec.pl\/#organization"},"potentialAction":[{"@type":"SearchAction","target":{"@type":"EntryPoint","urlTemplate":"http:\/\/mksczarnipolaniec.pl\/?s={search_term_string}"},"query-input":{"@type":"PropertyValueSpecification","valueRequired":true,"valueName":"search_term_string"}}],"inLanguage":"pl-PL"},{"@type":"Organization","@id":"http:\/\/mksczarnipolaniec.pl\/#organization","name":"Oficjalna strona klubu - MKS Czarni Po\u0142aniec","url":"http:\/\/mksczarnipolaniec.pl\/","logo":{"@type":"ImageObject","inLanguage":"pl-PL","@id":"http:\/\/mksczarnipolaniec.pl\/#\/schema\/logo\/image\/","url":"https:\/\/mksczarnipolaniec.pl\/wp-content\/uploads\/1910\/01\/Czarni-Polaniec-1.png","contentUrl":"https:\/\/mksczarnipolaniec.pl\/wp-content\/uploads\/1910\/01\/Czarni-Polaniec-1.png","width":474,"height":512,"caption":"Oficjalna strona klubu - MKS Czarni Po\u0142aniec"},"image":{"@id":"http:\/\/mksczarnipolaniec.pl\/#\/schema\/logo\/image\/"},"sameAs":["https:\/\/www.facebook.com\/czarnipolaniec1948","https:\/\/x.com\/czarnipolaniec"]},{"@type":"Person","@id":"http:\/\/mksczarnipolaniec.pl\/#\/schema\/person\/6c5a8be8f86fe7e60b3d7aeca4cca7f0","name":"Redakcja","image":{"@type":"ImageObject","inLanguage":"pl-PL","@id":"http:\/\/mksczarnipolaniec.pl\/#\/schema\/person\/image\/","url":"https:\/\/secure.gravatar.com\/avatar\/b02da93292d5fed03f1c9802953622aed1cb75c3d0a7f7ad7ecceae73f23f797?s=96&d=mm&r=g","contentUrl":"https:\/\/secure.gravatar.com\/avatar\/b02da93292d5fed03f1c9802953622aed1cb75c3d0a7f7ad7ecceae73f23f797?s=96&d=mm&r=g","caption":"Redakcja"},"description":"Pochodz\u0119 z Krakowa, swoje pocz\u0105tki dziennikarskie zaczyna\u0142em w takich klubach jak, Naprz\u00f3d Ujazd Niezdrowice, MKS Puszcza Niepo\u0142omice oraz MKS Czarni Po\u0142aniec. Najwi\u0119ksze do\u015bwiadczenie prasowe zebra\u0142em w Puszczy do kt\u00f3rej do\u0142\u0105czy\u0142em w 2010 roku, nast\u0119pnie przez dwa lata wsp\u00f3\u0142tworzy\u0142em serwis internetowy oraz odpowiada\u0142em za promocj\u0119 klubu w ca\u0142ej gminie - Niepo\u0142omice. Z pocz\u0105tkiem 2016 roku rozpocz\u0105\u0142em prac\u0119 w MKS Czarni Po\u0142aniec gdzie mia\u0142em zbudowa\u0107 silne media klubu, kt\u00f3re obecnie etapowo pr\u00f3buje wdra\u017ca\u0107.","sameAs":["http:\/\/mksczarnipolaniec.pl"],"url":"https:\/\/mksczarnipolaniec.pl\/?author=1"}]}},"_links":{"self":[{"href":"https:\/\/mksczarnipolaniec.pl\/index.php?rest_route=\/wp\/v2\/posts\/7237","targetHints":{"allow":["GET"]}}],"collection":[{"href":"https:\/\/mksczarnipolaniec.pl\/index.php?rest_route=\/wp\/v2\/posts"}],"about":[{"href":"https:\/\/mksczarnipolaniec.pl\/index.php?rest_route=\/wp\/v2\/types\/post"}],"author":[{"embeddable":true,"href":"https:\/\/mksczarnipolaniec.pl\/index.php?rest_route=\/wp\/v2\/users\/1"}],"replies":[{"embeddable":true,"href":"https:\/\/mksczarnipolaniec.pl\/index.php?rest_route=%2Fwp%2Fv2%2Fcomments&post=7237"}],"version-history":[{"count":1,"href":"https:\/\/mksczarnipolaniec.pl\/index.php?rest_route=\/wp\/v2\/posts\/7237\/revisions"}],"predecessor-version":[{"id":7241,"href":"https:\/\/mksczarnipolaniec.pl\/index.php?rest_route=\/wp\/v2\/posts\/7237\/revisions\/7241"}],"wp:featuredmedia":[{"embeddable":true,"href":"https:\/\/mksczarnipolaniec.pl\/index.php?rest_route=\/wp\/v2\/media\/7239"}],"wp:attachment":[{"href":"https:\/\/mksczarnipolaniec.pl\/index.php?rest_route=%2Fwp%2Fv2%2Fmedia&parent=7237"}],"wp:term":[{"taxonomy":"category","embeddable":true,"href":"https:\/\/mksczarnipolaniec.pl\/index.php?rest_route=%2Fwp%2Fv2%2Fcategories&post=7237"},{"taxonomy":"post_tag","embeddable":true,"href":"https:\/\/mksczarnipolaniec.pl\/index.php?rest_route=%2Fwp%2Fv2%2Ftags&post=7237"}],"curies":[{"name":"wp","href":"https:\/\/api.w.org\/{rel}","templated":true}]}}