{"id":7243,"date":"2026-04-28T12:47:38","date_gmt":"2026-04-28T10:47:38","guid":{"rendered":"https:\/\/mksczarnipolaniec.pl\/?p=7243"},"modified":"2026-04-30T12:50:35","modified_gmt":"2026-04-30T10:50:35","slug":"mamy-powody-do-dumy-zapasnicy-czarnych-polaniec-wysokiej-formie","status":"publish","type":"post","link":"https:\/\/mksczarnipolaniec.pl\/?p=7243","title":{"rendered":"Mamy powody do dumy! &#8211; Zapa\u015bnicy Czarnych Po\u0142aniec wysokiej formie!"},"content":{"rendered":"\n<p>Dawid Suchorowski oraz Ksawery Pytko si\u0119gn\u0119li po br\u0105zowe medale Makroregionalnych Mistrzostw M\u0142odzik\u00f3w, rozegranych 26 kwietnia 2026 roku w Po\u0142aniec.<\/p>\n\n\n\n<figure class=\"wp-block-image size-large\"><img loading=\"lazy\" decoding=\"async\" width=\"1024\" height=\"818\" src=\"http:\/\/mksczarnipolaniec.pl\/wp-content\/uploads\/2026\/04\/Polaniec-MMM-4-1024x818.jpg\" alt=\"\" class=\"wp-image-7244\" srcset=\"https:\/\/mksczarnipolaniec.pl\/wp-content\/uploads\/2026\/04\/Polaniec-MMM-4-1024x818.jpg 1024w, https:\/\/mksczarnipolaniec.pl\/wp-content\/uploads\/2026\/04\/Polaniec-MMM-4-300x240.jpg 300w, https:\/\/mksczarnipolaniec.pl\/wp-content\/uploads\/2026\/04\/Polaniec-MMM-4-768x614.jpg 768w, https:\/\/mksczarnipolaniec.pl\/wp-content\/uploads\/2026\/04\/Polaniec-MMM-4-128x102.jpg 128w, https:\/\/mksczarnipolaniec.pl\/wp-content\/uploads\/2026\/04\/Polaniec-MMM-4-32x26.jpg 32w, https:\/\/mksczarnipolaniec.pl\/wp-content\/uploads\/2026\/04\/Polaniec-MMM-4-751x600.jpg 751w, https:\/\/mksczarnipolaniec.pl\/wp-content\/uploads\/2026\/04\/Polaniec-MMM-4-1140x911.jpg 1140w, https:\/\/mksczarnipolaniec.pl\/wp-content\/uploads\/2026\/04\/Polaniec-MMM-4-200x160.jpg 200w, https:\/\/mksczarnipolaniec.pl\/wp-content\/uploads\/2026\/04\/Polaniec-MMM-4-450x360.jpg 450w, https:\/\/mksczarnipolaniec.pl\/wp-content\/uploads\/2026\/04\/Polaniec-MMM-4-600x479.jpg 600w, https:\/\/mksczarnipolaniec.pl\/wp-content\/uploads\/2026\/04\/Polaniec-MMM-4.jpg 1344w\" sizes=\"auto, (max-width: 1024px) 100vw, 1024px\" \/><\/figure>\n\n\n\n<p>Zawody dostarczy\u0142y wielu emocji \u2013 nie brakowa\u0142o dynamicznych pojedynk\u00f3w, walki do ostatnich sekund i ogromnego zaanga\u017cowania na macie. Reprezentanci MKS Czarni Po\u0142aniec pokazali wysoki poziom sportowy podczas rywalizacji w zapasach w stylu wolnym, potwierdzaj\u0105c swoje przygotowanie i determinacj\u0119.<\/p>\n\n\n\n<p>Na szczeg\u00f3lne wyr\u00f3\u017cnienie zas\u0142uguj\u0105 medali\u015bci, trenuj\u0105cy pod okiem Tadeusz Szkwarek. Zar\u00f3wno Ksawery Pytko, jak i Dawid Suchorowski udowodnili, \u017ce sukces jest efektem systematycznej pracy i konsekwencji. Ich wyst\u0119py by\u0142y potwierdzeniem umiej\u0119tno\u015bci oraz dojrza\u0142o\u015bci sportowej, budowanej podczas wielu godzin trening\u00f3w.<\/p>\n\n\n\n<p>W turnieju udzia\u0142 wzi\u0119li tak\u017ce inni zawodnicy MKS Czarni Po\u0142aniec: Alan Bednarski, Leon Kotlarz oraz Eryk D\u0105browa. Dla nich by\u0142 to cenny sprawdzian i okazja do zdobycia do\u015bwiadczenia, kt\u00f3re z pewno\u015bci\u0105 zaprocentuje w kolejnych startach.<\/p>\n\n\n\n<p>Jak podkre\u015bli\u0142 trener Tadeusz Szkwarek, wsp\u00f3\u0142organizator wydarzenia razem z Wiktorem Skrobaczem, zawody mia\u0142y nie tylko wymiar sportowy, ale r\u00f3wnie\u017c promocyjny. By\u0142a to okazja do zaprezentowania go\u015bcinno\u015bci lokalnej spo\u0142eczno\u015bci, co zosta\u0142o bardzo pozytywnie odebrane przez przyby\u0142ych go\u015bci. Dwa medale wywalczone przez reprezentant\u00f3w Po\u0142a\u0144ca stanowi\u0105 pow\u00f3d do satysfakcji dla ca\u0142ego \u015brodowiska sportowego.<\/p>\n\n\n\n<figure class=\"wp-block-image size-large\"><img loading=\"lazy\" decoding=\"async\" width=\"1024\" height=\"657\" src=\"http:\/\/mksczarnipolaniec.pl\/wp-content\/uploads\/2026\/03\/Miejski-Klub-Sportowy-Sponsorzy-1024x657.png\" alt=\"\" class=\"wp-image-7117\" srcset=\"https:\/\/mksczarnipolaniec.pl\/wp-content\/uploads\/2026\/03\/Miejski-Klub-Sportowy-Sponsorzy-1024x657.png 1024w, https:\/\/mksczarnipolaniec.pl\/wp-content\/uploads\/2026\/03\/Miejski-Klub-Sportowy-Sponsorzy-300x193.png 300w, https:\/\/mksczarnipolaniec.pl\/wp-content\/uploads\/2026\/03\/Miejski-Klub-Sportowy-Sponsorzy-768x493.png 768w, https:\/\/mksczarnipolaniec.pl\/wp-content\/uploads\/2026\/03\/Miejski-Klub-Sportowy-Sponsorzy-1536x986.png 1536w, https:\/\/mksczarnipolaniec.pl\/wp-content\/uploads\/2026\/03\/Miejski-Klub-Sportowy-Sponsorzy-128x82.png 128w, https:\/\/mksczarnipolaniec.pl\/wp-content\/uploads\/2026\/03\/Miejski-Klub-Sportowy-Sponsorzy-32x21.png 32w, https:\/\/mksczarnipolaniec.pl\/wp-content\/uploads\/2026\/03\/Miejski-Klub-Sportowy-Sponsorzy-360x230.png 360w, https:\/\/mksczarnipolaniec.pl\/wp-content\/uploads\/2026\/03\/Miejski-Klub-Sportowy-Sponsorzy-935x600.png 935w, https:\/\/mksczarnipolaniec.pl\/wp-content\/uploads\/2026\/03\/Miejski-Klub-Sportowy-Sponsorzy-1140x732.png 1140w, https:\/\/mksczarnipolaniec.pl\/wp-content\/uploads\/2026\/03\/Miejski-Klub-Sportowy-Sponsorzy-200x128.png 200w, https:\/\/mksczarnipolaniec.pl\/wp-content\/uploads\/2026\/03\/Miejski-Klub-Sportowy-Sponsorzy-450x289.png 450w, https:\/\/mksczarnipolaniec.pl\/wp-content\/uploads\/2026\/03\/Miejski-Klub-Sportowy-Sponsorzy-600x385.png 600w, https:\/\/mksczarnipolaniec.pl\/wp-content\/uploads\/2026\/03\/Miejski-Klub-Sportowy-Sponsorzy.png 2000w\" sizes=\"auto, (max-width: 1024px) 100vw, 1024px\" \/><\/figure>\n","protected":false},"excerpt":{"rendered":"<p>Dawid Suchorowski oraz Ksawery Pytko si\u0119gn\u0119li po br\u0105zowe medale Makroregionalnych Mistrzostw M\u0142odzik\u00f3w, rozegranych 26 kwietnia 2026 roku w Po\u0142aniec. Zawody dostarczy\u0142y wielu emocji \u2013 nie brakowa\u0142o dynamicznych pojedynk\u00f3w, walki do&#8230;<\/p>\n","protected":false},"author":1,"featured_media":7245,"comment_status":"open","ping_status":"open","sticky":false,"template":"","format":"standard","meta":{"two_page_speed":[],"footnotes":""},"categories":[96,108],"tags":[94,212],"class_list":["post-7243","post","type-post","status-publish","format-standard","has-post-thumbnail","hentry","category-mks-czarni-polaniec","category-sekcja-zapasnicza","tag-mks-czarni-polaniec","tag-sekcja-zapasnicza"],"yoast_head":"<!-- This site is optimized with the Yoast SEO plugin v24.5 - https:\/\/yoast.com\/wordpress\/plugins\/seo\/ -->\n<title>Mamy powody do dumy! - Zapa\u015bnicy Czarnych Po\u0142aniec wysokiej formie! - MKS Czarni Po\u0142aniec<\/title>\n<meta name=\"robots\" content=\"index, follow, max-snippet:-1, max-image-preview:large, max-video-preview:-1\" \/>\n<link rel=\"canonical\" href=\"https:\/\/mksczarnipolaniec.pl\/?p=7243\" \/>\n<meta property=\"og:locale\" content=\"pl_PL\" \/>\n<meta property=\"og:type\" content=\"article\" \/>\n<meta property=\"og:title\" content=\"Mamy powody do dumy! - Zapa\u015bnicy Czarnych Po\u0142aniec wysokiej formie! - MKS Czarni Po\u0142aniec\" \/>\n<meta property=\"og:description\" content=\"Dawid Suchorowski oraz Ksawery Pytko si\u0119gn\u0119li po br\u0105zowe medale Makroregionalnych Mistrzostw M\u0142odzik\u00f3w, rozegranych 26 kwietnia 2026 roku w Po\u0142aniec. Zawody dostarczy\u0142y wielu emocji \u2013 nie brakowa\u0142o dynamicznych pojedynk\u00f3w, walki do...\" \/>\n<meta property=\"og:url\" content=\"https:\/\/mksczarnipolaniec.pl\/?p=7243\" \/>\n<meta property=\"og:site_name\" content=\"MKS Czarni Po\u0142aniec\" \/>\n<meta property=\"article:publisher\" content=\"https:\/\/www.facebook.com\/czarnipolaniec1948\" \/>\n<meta property=\"article:published_time\" content=\"2026-04-28T10:47:38+00:00\" \/>\n<meta property=\"article:modified_time\" content=\"2026-04-30T10:50:35+00:00\" \/>\n<meta property=\"og:image\" content=\"http:\/\/mksczarnipolaniec.pl\/wp-content\/uploads\/2026\/04\/Polaniec-MMM13.jpg\" \/>\n\t<meta property=\"og:image:width\" content=\"1620\" \/>\n\t<meta property=\"og:image:height\" content=\"1080\" \/>\n\t<meta property=\"og:image:type\" content=\"image\/jpeg\" \/>\n<meta name=\"author\" content=\"Redakcja\" \/>\n<meta name=\"twitter:card\" content=\"summary_large_image\" \/>\n<meta name=\"twitter:creator\" content=\"@czarnipolaniec\" \/>\n<meta name=\"twitter:site\" content=\"@czarnipolaniec\" \/>\n<meta name=\"twitter:label1\" content=\"Napisane przez\" \/>\n\t<meta name=\"twitter:data1\" content=\"Redakcja\" \/>\n\t<meta name=\"twitter:label2\" content=\"Szacowany czas czytania\" \/>\n\t<meta name=\"twitter:data2\" content=\"2 minuty\" \/>\n<script type=\"application\/ld+json\" class=\"yoast-schema-graph\">{\"@context\":\"https:\/\/schema.org\",\"@graph\":[{\"@type\":\"Article\",\"@id\":\"https:\/\/mksczarnipolaniec.pl\/?p=7243#article\",\"isPartOf\":{\"@id\":\"https:\/\/mksczarnipolaniec.pl\/?p=7243\"},\"author\":{\"name\":\"Redakcja\",\"@id\":\"http:\/\/mksczarnipolaniec.pl\/#\/schema\/person\/6c5a8be8f86fe7e60b3d7aeca4cca7f0\"},\"headline\":\"Mamy powody do dumy! &#8211; Zapa\u015bnicy Czarnych Po\u0142aniec wysokiej formie!\",\"datePublished\":\"2026-04-28T10:47:38+00:00\",\"dateModified\":\"2026-04-30T10:50:35+00:00\",\"mainEntityOfPage\":{\"@id\":\"https:\/\/mksczarnipolaniec.pl\/?p=7243\"},\"wordCount\":239,\"commentCount\":0,\"publisher\":{\"@id\":\"http:\/\/mksczarnipolaniec.pl\/#organization\"},\"image\":{\"@id\":\"https:\/\/mksczarnipolaniec.pl\/?p=7243#primaryimage\"},\"thumbnailUrl\":\"https:\/\/mksczarnipolaniec.pl\/wp-content\/uploads\/2026\/04\/Polaniec-MMM13.jpg\",\"keywords\":[\"MKS Czarni Po\u0142aniec\",\"Sekcja Zapa\u015bnicza\"],\"articleSection\":[\"MKS Czarni Po\u0142aniec\",\"Sekcja zapa\u015bnicza\"],\"inLanguage\":\"pl-PL\",\"potentialAction\":[{\"@type\":\"CommentAction\",\"name\":\"Comment\",\"target\":[\"https:\/\/mksczarnipolaniec.pl\/?p=7243#respond\"]}]},{\"@type\":\"WebPage\",\"@id\":\"https:\/\/mksczarnipolaniec.pl\/?p=7243\",\"url\":\"https:\/\/mksczarnipolaniec.pl\/?p=7243\",\"name\":\"Mamy powody do dumy! - Zapa\u015bnicy Czarnych Po\u0142aniec wysokiej formie! - MKS Czarni Po\u0142aniec\",\"isPartOf\":{\"@id\":\"http:\/\/mksczarnipolaniec.pl\/#website\"},\"primaryImageOfPage\":{\"@id\":\"https:\/\/mksczarnipolaniec.pl\/?p=7243#primaryimage\"},\"image\":{\"@id\":\"https:\/\/mksczarnipolaniec.pl\/?p=7243#primaryimage\"},\"thumbnailUrl\":\"https:\/\/mksczarnipolaniec.pl\/wp-content\/uploads\/2026\/04\/Polaniec-MMM13.jpg\",\"datePublished\":\"2026-04-28T10:47:38+00:00\",\"dateModified\":\"2026-04-30T10:50:35+00:00\",\"breadcrumb\":{\"@id\":\"https:\/\/mksczarnipolaniec.pl\/?p=7243#breadcrumb\"},\"inLanguage\":\"pl-PL\",\"potentialAction\":[{\"@type\":\"ReadAction\",\"target\":[\"https:\/\/mksczarnipolaniec.pl\/?p=7243\"]}]},{\"@type\":\"ImageObject\",\"inLanguage\":\"pl-PL\",\"@id\":\"https:\/\/mksczarnipolaniec.pl\/?p=7243#primaryimage\",\"url\":\"https:\/\/mksczarnipolaniec.pl\/wp-content\/uploads\/2026\/04\/Polaniec-MMM13.jpg\",\"contentUrl\":\"https:\/\/mksczarnipolaniec.pl\/wp-content\/uploads\/2026\/04\/Polaniec-MMM13.jpg\",\"width\":1620,\"height\":1080},{\"@type\":\"BreadcrumbList\",\"@id\":\"https:\/\/mksczarnipolaniec.pl\/?p=7243#breadcrumb\",\"itemListElement\":[{\"@type\":\"ListItem\",\"position\":1,\"name\":\"Strona g\u0142\u00f3wna\",\"item\":\"http:\/\/mksczarnipolaniec.pl\/\"},{\"@type\":\"ListItem\",\"position\":2,\"name\":\"Mamy powody do dumy! &#8211; Zapa\u015bnicy Czarnych Po\u0142aniec wysokiej formie!\"}]},{\"@type\":\"WebSite\",\"@id\":\"http:\/\/mksczarnipolaniec.pl\/#website\",\"url\":\"http:\/\/mksczarnipolaniec.pl\/\",\"name\":\"Oficjalna strona klubu - MKS Czarni Po\u0142aniec\",\"description\":\"- Oficjalna Strona Klubu\",\"publisher\":{\"@id\":\"http:\/\/mksczarnipolaniec.pl\/#organization\"},\"potentialAction\":[{\"@type\":\"SearchAction\",\"target\":{\"@type\":\"EntryPoint\",\"urlTemplate\":\"http:\/\/mksczarnipolaniec.pl\/?s={search_term_string}\"},\"query-input\":{\"@type\":\"PropertyValueSpecification\",\"valueRequired\":true,\"valueName\":\"search_term_string\"}}],\"inLanguage\":\"pl-PL\"},{\"@type\":\"Organization\",\"@id\":\"http:\/\/mksczarnipolaniec.pl\/#organization\",\"name\":\"Oficjalna strona klubu - MKS Czarni Po\u0142aniec\",\"url\":\"http:\/\/mksczarnipolaniec.pl\/\",\"logo\":{\"@type\":\"ImageObject\",\"inLanguage\":\"pl-PL\",\"@id\":\"http:\/\/mksczarnipolaniec.pl\/#\/schema\/logo\/image\/\",\"url\":\"https:\/\/mksczarnipolaniec.pl\/wp-content\/uploads\/1910\/01\/Czarni-Polaniec-1.png\",\"contentUrl\":\"https:\/\/mksczarnipolaniec.pl\/wp-content\/uploads\/1910\/01\/Czarni-Polaniec-1.png\",\"width\":474,\"height\":512,\"caption\":\"Oficjalna strona klubu - MKS Czarni Po\u0142aniec\"},\"image\":{\"@id\":\"http:\/\/mksczarnipolaniec.pl\/#\/schema\/logo\/image\/\"},\"sameAs\":[\"https:\/\/www.facebook.com\/czarnipolaniec1948\",\"https:\/\/x.com\/czarnipolaniec\"]},{\"@type\":\"Person\",\"@id\":\"http:\/\/mksczarnipolaniec.pl\/#\/schema\/person\/6c5a8be8f86fe7e60b3d7aeca4cca7f0\",\"name\":\"Redakcja\",\"image\":{\"@type\":\"ImageObject\",\"inLanguage\":\"pl-PL\",\"@id\":\"http:\/\/mksczarnipolaniec.pl\/#\/schema\/person\/image\/\",\"url\":\"https:\/\/secure.gravatar.com\/avatar\/b02da93292d5fed03f1c9802953622aed1cb75c3d0a7f7ad7ecceae73f23f797?s=96&d=mm&r=g\",\"contentUrl\":\"https:\/\/secure.gravatar.com\/avatar\/b02da93292d5fed03f1c9802953622aed1cb75c3d0a7f7ad7ecceae73f23f797?s=96&d=mm&r=g\",\"caption\":\"Redakcja\"},\"description\":\"Pochodz\u0119 z Krakowa, swoje pocz\u0105tki dziennikarskie zaczyna\u0142em w takich klubach jak, Naprz\u00f3d Ujazd Niezdrowice, MKS Puszcza Niepo\u0142omice oraz MKS Czarni Po\u0142aniec. Najwi\u0119ksze do\u015bwiadczenie prasowe zebra\u0142em w Puszczy do kt\u00f3rej do\u0142\u0105czy\u0142em w 2010 roku, nast\u0119pnie przez dwa lata wsp\u00f3\u0142tworzy\u0142em serwis internetowy oraz odpowiada\u0142em za promocj\u0119 klubu w ca\u0142ej gminie - Niepo\u0142omice. Z pocz\u0105tkiem 2016 roku rozpocz\u0105\u0142em prac\u0119 w MKS Czarni Po\u0142aniec gdzie mia\u0142em zbudowa\u0107 silne media klubu, kt\u00f3re obecnie etapowo pr\u00f3buje wdra\u017ca\u0107.\",\"sameAs\":[\"http:\/\/mksczarnipolaniec.pl\"],\"url\":\"https:\/\/mksczarnipolaniec.pl\/?author=1\"}]}<\/script>\n<!-- \/ Yoast SEO plugin. -->","yoast_head_json":{"title":"Mamy powody do dumy! - Zapa\u015bnicy Czarnych Po\u0142aniec wysokiej formie! - MKS Czarni Po\u0142aniec","robots":{"index":"index","follow":"follow","max-snippet":"max-snippet:-1","max-image-preview":"max-image-preview:large","max-video-preview":"max-video-preview:-1"},"canonical":"https:\/\/mksczarnipolaniec.pl\/?p=7243","og_locale":"pl_PL","og_type":"article","og_title":"Mamy powody do dumy! - Zapa\u015bnicy Czarnych Po\u0142aniec wysokiej formie! - MKS Czarni Po\u0142aniec","og_description":"Dawid Suchorowski oraz Ksawery Pytko si\u0119gn\u0119li po br\u0105zowe medale Makroregionalnych Mistrzostw M\u0142odzik\u00f3w, rozegranych 26 kwietnia 2026 roku w Po\u0142aniec. Zawody dostarczy\u0142y wielu emocji \u2013 nie brakowa\u0142o dynamicznych pojedynk\u00f3w, walki do...","og_url":"https:\/\/mksczarnipolaniec.pl\/?p=7243","og_site_name":"MKS Czarni Po\u0142aniec","article_publisher":"https:\/\/www.facebook.com\/czarnipolaniec1948","article_published_time":"2026-04-28T10:47:38+00:00","article_modified_time":"2026-04-30T10:50:35+00:00","og_image":[{"width":1620,"height":1080,"url":"http:\/\/mksczarnipolaniec.pl\/wp-content\/uploads\/2026\/04\/Polaniec-MMM13.jpg","type":"image\/jpeg"}],"author":"Redakcja","twitter_card":"summary_large_image","twitter_creator":"@czarnipolaniec","twitter_site":"@czarnipolaniec","twitter_misc":{"Napisane przez":"Redakcja","Szacowany czas czytania":"2 minuty"},"schema":{"@context":"https:\/\/schema.org","@graph":[{"@type":"Article","@id":"https:\/\/mksczarnipolaniec.pl\/?p=7243#article","isPartOf":{"@id":"https:\/\/mksczarnipolaniec.pl\/?p=7243"},"author":{"name":"Redakcja","@id":"http:\/\/mksczarnipolaniec.pl\/#\/schema\/person\/6c5a8be8f86fe7e60b3d7aeca4cca7f0"},"headline":"Mamy powody do dumy! &#8211; Zapa\u015bnicy Czarnych Po\u0142aniec wysokiej formie!","datePublished":"2026-04-28T10:47:38+00:00","dateModified":"2026-04-30T10:50:35+00:00","mainEntityOfPage":{"@id":"https:\/\/mksczarnipolaniec.pl\/?p=7243"},"wordCount":239,"commentCount":0,"publisher":{"@id":"http:\/\/mksczarnipolaniec.pl\/#organization"},"image":{"@id":"https:\/\/mksczarnipolaniec.pl\/?p=7243#primaryimage"},"thumbnailUrl":"https:\/\/mksczarnipolaniec.pl\/wp-content\/uploads\/2026\/04\/Polaniec-MMM13.jpg","keywords":["MKS Czarni Po\u0142aniec","Sekcja Zapa\u015bnicza"],"articleSection":["MKS Czarni Po\u0142aniec","Sekcja zapa\u015bnicza"],"inLanguage":"pl-PL","potentialAction":[{"@type":"CommentAction","name":"Comment","target":["https:\/\/mksczarnipolaniec.pl\/?p=7243#respond"]}]},{"@type":"WebPage","@id":"https:\/\/mksczarnipolaniec.pl\/?p=7243","url":"https:\/\/mksczarnipolaniec.pl\/?p=7243","name":"Mamy powody do dumy! - Zapa\u015bnicy Czarnych Po\u0142aniec wysokiej formie! - MKS Czarni Po\u0142aniec","isPartOf":{"@id":"http:\/\/mksczarnipolaniec.pl\/#website"},"primaryImageOfPage":{"@id":"https:\/\/mksczarnipolaniec.pl\/?p=7243#primaryimage"},"image":{"@id":"https:\/\/mksczarnipolaniec.pl\/?p=7243#primaryimage"},"thumbnailUrl":"https:\/\/mksczarnipolaniec.pl\/wp-content\/uploads\/2026\/04\/Polaniec-MMM13.jpg","datePublished":"2026-04-28T10:47:38+00:00","dateModified":"2026-04-30T10:50:35+00:00","breadcrumb":{"@id":"https:\/\/mksczarnipolaniec.pl\/?p=7243#breadcrumb"},"inLanguage":"pl-PL","potentialAction":[{"@type":"ReadAction","target":["https:\/\/mksczarnipolaniec.pl\/?p=7243"]}]},{"@type":"ImageObject","inLanguage":"pl-PL","@id":"https:\/\/mksczarnipolaniec.pl\/?p=7243#primaryimage","url":"https:\/\/mksczarnipolaniec.pl\/wp-content\/uploads\/2026\/04\/Polaniec-MMM13.jpg","contentUrl":"https:\/\/mksczarnipolaniec.pl\/wp-content\/uploads\/2026\/04\/Polaniec-MMM13.jpg","width":1620,"height":1080},{"@type":"BreadcrumbList","@id":"https:\/\/mksczarnipolaniec.pl\/?p=7243#breadcrumb","itemListElement":[{"@type":"ListItem","position":1,"name":"Strona g\u0142\u00f3wna","item":"http:\/\/mksczarnipolaniec.pl\/"},{"@type":"ListItem","position":2,"name":"Mamy powody do dumy! &#8211; Zapa\u015bnicy Czarnych Po\u0142aniec wysokiej formie!"}]},{"@type":"WebSite","@id":"http:\/\/mksczarnipolaniec.pl\/#website","url":"http:\/\/mksczarnipolaniec.pl\/","name":"Oficjalna strona klubu - MKS Czarni Po\u0142aniec","description":"- Oficjalna Strona Klubu","publisher":{"@id":"http:\/\/mksczarnipolaniec.pl\/#organization"},"potentialAction":[{"@type":"SearchAction","target":{"@type":"EntryPoint","urlTemplate":"http:\/\/mksczarnipolaniec.pl\/?s={search_term_string}"},"query-input":{"@type":"PropertyValueSpecification","valueRequired":true,"valueName":"search_term_string"}}],"inLanguage":"pl-PL"},{"@type":"Organization","@id":"http:\/\/mksczarnipolaniec.pl\/#organization","name":"Oficjalna strona klubu - MKS Czarni Po\u0142aniec","url":"http:\/\/mksczarnipolaniec.pl\/","logo":{"@type":"ImageObject","inLanguage":"pl-PL","@id":"http:\/\/mksczarnipolaniec.pl\/#\/schema\/logo\/image\/","url":"https:\/\/mksczarnipolaniec.pl\/wp-content\/uploads\/1910\/01\/Czarni-Polaniec-1.png","contentUrl":"https:\/\/mksczarnipolaniec.pl\/wp-content\/uploads\/1910\/01\/Czarni-Polaniec-1.png","width":474,"height":512,"caption":"Oficjalna strona klubu - MKS Czarni Po\u0142aniec"},"image":{"@id":"http:\/\/mksczarnipolaniec.pl\/#\/schema\/logo\/image\/"},"sameAs":["https:\/\/www.facebook.com\/czarnipolaniec1948","https:\/\/x.com\/czarnipolaniec"]},{"@type":"Person","@id":"http:\/\/mksczarnipolaniec.pl\/#\/schema\/person\/6c5a8be8f86fe7e60b3d7aeca4cca7f0","name":"Redakcja","image":{"@type":"ImageObject","inLanguage":"pl-PL","@id":"http:\/\/mksczarnipolaniec.pl\/#\/schema\/person\/image\/","url":"https:\/\/secure.gravatar.com\/avatar\/b02da93292d5fed03f1c9802953622aed1cb75c3d0a7f7ad7ecceae73f23f797?s=96&d=mm&r=g","contentUrl":"https:\/\/secure.gravatar.com\/avatar\/b02da93292d5fed03f1c9802953622aed1cb75c3d0a7f7ad7ecceae73f23f797?s=96&d=mm&r=g","caption":"Redakcja"},"description":"Pochodz\u0119 z Krakowa, swoje pocz\u0105tki dziennikarskie zaczyna\u0142em w takich klubach jak, Naprz\u00f3d Ujazd Niezdrowice, MKS Puszcza Niepo\u0142omice oraz MKS Czarni Po\u0142aniec. Najwi\u0119ksze do\u015bwiadczenie prasowe zebra\u0142em w Puszczy do kt\u00f3rej do\u0142\u0105czy\u0142em w 2010 roku, nast\u0119pnie przez dwa lata wsp\u00f3\u0142tworzy\u0142em serwis internetowy oraz odpowiada\u0142em za promocj\u0119 klubu w ca\u0142ej gminie - Niepo\u0142omice. Z pocz\u0105tkiem 2016 roku rozpocz\u0105\u0142em prac\u0119 w MKS Czarni Po\u0142aniec gdzie mia\u0142em zbudowa\u0107 silne media klubu, kt\u00f3re obecnie etapowo pr\u00f3buje wdra\u017ca\u0107.","sameAs":["http:\/\/mksczarnipolaniec.pl"],"url":"https:\/\/mksczarnipolaniec.pl\/?author=1"}]}},"_links":{"self":[{"href":"https:\/\/mksczarnipolaniec.pl\/index.php?rest_route=\/wp\/v2\/posts\/7243","targetHints":{"allow":["GET"]}}],"collection":[{"href":"https:\/\/mksczarnipolaniec.pl\/index.php?rest_route=\/wp\/v2\/posts"}],"about":[{"href":"https:\/\/mksczarnipolaniec.pl\/index.php?rest_route=\/wp\/v2\/types\/post"}],"author":[{"embeddable":true,"href":"https:\/\/mksczarnipolaniec.pl\/index.php?rest_route=\/wp\/v2\/users\/1"}],"replies":[{"embeddable":true,"href":"https:\/\/mksczarnipolaniec.pl\/index.php?rest_route=%2Fwp%2Fv2%2Fcomments&post=7243"}],"version-history":[{"count":1,"href":"https:\/\/mksczarnipolaniec.pl\/index.php?rest_route=\/wp\/v2\/posts\/7243\/revisions"}],"predecessor-version":[{"id":7246,"href":"https:\/\/mksczarnipolaniec.pl\/index.php?rest_route=\/wp\/v2\/posts\/7243\/revisions\/7246"}],"wp:featuredmedia":[{"embeddable":true,"href":"https:\/\/mksczarnipolaniec.pl\/index.php?rest_route=\/wp\/v2\/media\/7245"}],"wp:attachment":[{"href":"https:\/\/mksczarnipolaniec.pl\/index.php?rest_route=%2Fwp%2Fv2%2Fmedia&parent=7243"}],"wp:term":[{"taxonomy":"category","embeddable":true,"href":"https:\/\/mksczarnipolaniec.pl\/index.php?rest_route=%2Fwp%2Fv2%2Fcategories&post=7243"},{"taxonomy":"post_tag","embeddable":true,"href":"https:\/\/mksczarnipolaniec.pl\/index.php?rest_route=%2Fwp%2Fv2%2Ftags&post=7243"}],"curies":[{"name":"wp","href":"https:\/\/api.w.org\/{rel}","templated":true}]}}