{"id":7256,"date":"2026-05-02T10:24:14","date_gmt":"2026-05-02T08:24:14","guid":{"rendered":"https:\/\/mksczarnipolaniec.pl\/?p=7256"},"modified":"2026-05-02T11:09:05","modified_gmt":"2026-05-02T09:09:05","slug":"efektowne-zwyciestwo-czarnych-polaniec-w-swidniku","status":"publish","type":"post","link":"https:\/\/mksczarnipolaniec.pl\/?p=7256","title":{"rendered":"Efektowne zwyci\u0119stwo Czarnych Po\u0142aniec w \u015awidniku!"},"content":{"rendered":"\n<p><strong>To by\u0142 prawdziwy pokaz si\u0142y podopiecznych Sebastiana Rygu\u0142y! W meczu 29. kolejki Betclic III ligi Czarni Po\u0142aniec pokonali na wyje\u017adzie \u015awidniczank\u0119 \u015awidnik a\u017c 4:1. Cho\u0107 gospodarze pierwsi wyszli na prowadzenie, nasza dru\u017cyna odpowiedzia\u0142a z nawi\u0105zk\u0105, dominuj\u0105c na boisku przez wi\u0119kszo\u015b\u0107 cz\u0119\u015b\u0107 spotkania.<\/strong><\/p>\n\n\n<div class=\"wp-block-image\">\n<figure class=\"aligncenter size-large\"><img loading=\"lazy\" decoding=\"async\" width=\"1024\" height=\"682\" src=\"http:\/\/mksczarnipolaniec.pl\/wp-content\/uploads\/2026\/05\/il20260425_963781369_xlarge-1024x682.jpg\" alt=\"\" class=\"wp-image-7262\" srcset=\"https:\/\/mksczarnipolaniec.pl\/wp-content\/uploads\/2026\/05\/il20260425_963781369_xlarge-1024x682.jpg 1024w, https:\/\/mksczarnipolaniec.pl\/wp-content\/uploads\/2026\/05\/il20260425_963781369_xlarge-300x200.jpg 300w, https:\/\/mksczarnipolaniec.pl\/wp-content\/uploads\/2026\/05\/il20260425_963781369_xlarge-768x511.jpg 768w, https:\/\/mksczarnipolaniec.pl\/wp-content\/uploads\/2026\/05\/il20260425_963781369_xlarge-128x85.jpg 128w, https:\/\/mksczarnipolaniec.pl\/wp-content\/uploads\/2026\/05\/il20260425_963781369_xlarge-32x21.jpg 32w, https:\/\/mksczarnipolaniec.pl\/wp-content\/uploads\/2026\/05\/il20260425_963781369_xlarge-901x600.jpg 901w, https:\/\/mksczarnipolaniec.pl\/wp-content\/uploads\/2026\/05\/il20260425_963781369_xlarge-1140x759.jpg 1140w, https:\/\/mksczarnipolaniec.pl\/wp-content\/uploads\/2026\/05\/il20260425_963781369_xlarge-200x133.jpg 200w, https:\/\/mksczarnipolaniec.pl\/wp-content\/uploads\/2026\/05\/il20260425_963781369_xlarge-450x300.jpg 450w, https:\/\/mksczarnipolaniec.pl\/wp-content\/uploads\/2026\/05\/il20260425_963781369_xlarge-600x399.jpg 600w, https:\/\/mksczarnipolaniec.pl\/wp-content\/uploads\/2026\/05\/il20260425_963781369_xlarge.jpg 1280w\" sizes=\"auto, (max-width: 1024px) 100vw, 1024px\" \/><figcaption class=\"wp-element-caption\">\ud83d\udcf8fot. Dorota Prokop<\/figcaption><\/figure>\n<\/div>\n\n\n<p><strong>Zimny prysznic na pocz\u0105tek!<\/strong><\/p>\n\n\n\n<p>Spotkanie nie zacz\u0119\u0142o si\u0119 po naszej my\u015bli. Ju\u017c w 27. minucie \u015awidniczanka obj\u0119\u0142a prowadzenie po trafieniu Bart\u0142omieja Poleszaka. Stracona bramka zadzia\u0142a\u0142a jednak na nasz zesp\u00f3\u0142 jak p\u0142achta na byka. Zamiast spu\u015bci\u0107 g\u0142owy, pi\u0142karze trenera Sebastiana Rygu\u0142y ruszyli do odrabiania strat, co przynios\u0142o efekt jeszcze przed przerw\u0105.<\/p>\n\n\n\n<p><strong>Odpowied\u017a nast\u0105pi\u0142a bardzo szybko&#8230;<\/strong><\/p>\n\n\n\n<p>W 36. minucie do wyr\u00f3wnania doprowadzi\u0142 <strong>Micha\u0142 Smole\u0144<\/strong>, daj\u0105c sygna\u0142 do ataku. Zaledwie kilka minut p\u00f3\u017aniej, w 42. minucie, na list\u0119 strzelc\u00f3w wpisa\u0142 si\u0119 <strong>Bartosz Pauszela<\/strong>, dzi\u0119ki czemu schodzili\u015bmy do szatni z jednobramkow\u0105 zaliczk\u0105.<\/p>\n\n\n<div class=\"wp-block-image\">\n<figure class=\"aligncenter size-large\"><img loading=\"lazy\" decoding=\"async\" width=\"1024\" height=\"682\" src=\"https:\/\/mksczarnipolaniec.pl\/wp-content\/uploads\/2026\/05\/il20260425_963781273_xlarge-1024x682.jpg\" alt=\"\" class=\"wp-image-7263\" srcset=\"https:\/\/mksczarnipolaniec.pl\/wp-content\/uploads\/2026\/05\/il20260425_963781273_xlarge-1024x682.jpg 1024w, https:\/\/mksczarnipolaniec.pl\/wp-content\/uploads\/2026\/05\/il20260425_963781273_xlarge-300x200.jpg 300w, https:\/\/mksczarnipolaniec.pl\/wp-content\/uploads\/2026\/05\/il20260425_963781273_xlarge-768x511.jpg 768w, https:\/\/mksczarnipolaniec.pl\/wp-content\/uploads\/2026\/05\/il20260425_963781273_xlarge-128x85.jpg 128w, https:\/\/mksczarnipolaniec.pl\/wp-content\/uploads\/2026\/05\/il20260425_963781273_xlarge-32x21.jpg 32w, https:\/\/mksczarnipolaniec.pl\/wp-content\/uploads\/2026\/05\/il20260425_963781273_xlarge-901x600.jpg 901w, https:\/\/mksczarnipolaniec.pl\/wp-content\/uploads\/2026\/05\/il20260425_963781273_xlarge-1140x759.jpg 1140w, https:\/\/mksczarnipolaniec.pl\/wp-content\/uploads\/2026\/05\/il20260425_963781273_xlarge-200x133.jpg 200w, https:\/\/mksczarnipolaniec.pl\/wp-content\/uploads\/2026\/05\/il20260425_963781273_xlarge-450x300.jpg 450w, https:\/\/mksczarnipolaniec.pl\/wp-content\/uploads\/2026\/05\/il20260425_963781273_xlarge-600x399.jpg 600w, https:\/\/mksczarnipolaniec.pl\/wp-content\/uploads\/2026\/05\/il20260425_963781273_xlarge.jpg 1280w\" sizes=\"auto, (max-width: 1024px) 100vw, 1024px\" \/><figcaption class=\"wp-element-caption\">\ud83d\udcf8fot. Dorota Prokop<\/figcaption><\/figure>\n<\/div>\n\n\n<p>Druga po\u0142owa to ju\u017c koncert gry w wykonaniu Czarnych, a konkretnie jednego zawodnika. <strong>Adam Kramarz<\/strong> dwukrotnie wpisa\u0142 si\u0119 na list\u0119 strzelc\u00f3w (w 61. i 77. minucie), piecz\u0119tuj\u0105c tym samym zas\u0142u\u017cone i wysokie zwyci\u0119stwo naszej ekipy.<\/p>\n\n\n\n<p><strong>S\u0142owo od redakcji!<\/strong><\/p>\n\n\n\n<p>Wczorajszy mecz pokaza\u0142, \u017ce Czarni Po\u0142aniec s\u0105 w doskona\u0142ej dyspozycji fizycznej i mentalnej. Potrafili\u015bmy odwr\u00f3ci\u0107 losy spotkania na trudnym terenie, co jest cech\u0105 wielkich dru\u017cyn. Dzi\u0119ki tym trzem punktom umacniamy swoj\u0105 pozycj\u0119 w ligowej czo\u0142\u00f3wce i z optymizmem patrzymy na kolejne mecze.<\/p>\n\n\n\n<p><strong>Nie ma czasu na odpoczynek \u2013 W \u015brod\u0119 gramy mecz o fina\u0142 Okr\u0119gowego Pucharu Polski!<\/strong><\/p>\n\n\n\n<p>Zwyci\u0119stwo w lidze to idealny zastrzyk energii przed pucharowym starciem z Ark\u0105 Paw\u0142\u00f3w! Ju\u017c w <strong>NAJBLI\u017bSZ\u0104 \u015aROD\u0118<\/strong> &#8211; Stawk\u0105 tego meczu jest przepustka do fina\u0142u Okr\u0119gowego Pucharu Polski! \ud83c\udfc6<\/p>\n\n\n\n<ul class=\"wp-block-list\">\n<li><strong>Kiedy:<\/strong> \u015aroda, [06.05.2026]<\/li>\n\n\n\n<li><strong>Godzina:<\/strong> 17:00<\/li>\n\n\n\n<li><strong>Gdzie:<\/strong> Stadion Miejski w Po\u0142a\u0144cu, ul. Sportowa 1<\/li>\n<\/ul>\n\n\n\n<p><strong>Drodzy Kibice, b\u0105d\u017acie naszym dwunastym zawodnikiem! Wsp\u00f3lnie wywalczmy ten awans do fina\u0142u! Do zobaczenia na Sportowej!<\/strong><\/p>\n\n\n\n<p><strong>KS \u015awidniczanka \u015awidnik &#8211; MKS Czarni Po\u0142aniec 1:4<\/strong><\/p>\n\n\n\n<p>strzelcy bramek:<\/p>\n\n\n\n<ul class=\"wp-block-list\">\n<li>\u26bd <strong>1-0<\/strong> Bart\u0142omiej Poleszak &#8211; KS \u015awidniczanka \u015awidnik (23\u2019)<\/li>\n\n\n\n<li>\u26bd <strong>1-1<\/strong> Micha\u0142 Smole\u0144 &#8211; MKS Czarni Po\u0142aniec (36\u2019)<\/li>\n\n\n\n<li>\u26bd <strong>1-<\/strong>2 Bart\u0142omiej Paszczela &#8211; MKS Czarni Po\u0142aniec (42&#8242;)<\/li>\n\n\n\n<li>\u26bd <strong>1-<\/strong>3 Adam Kramarz &#8211; MKS Czarni Po\u0142aniec (61&#8242;)<\/li>\n\n\n\n<li>\u26bd <strong>1-<\/strong>4 Adam Kramarz &#8211; MKS Czarni Po\u0142aniec (77&#8242;)<\/li>\n<\/ul>\n\n\n\n<p>\u2696\ufe0f <strong>S\u0119dzia:<\/strong> Piotr Chojnacki (Warszawa) \ud83c\udfc1<\/p>\n\n\n\n<p><strong>KS \u015awidniczanka \u015awidnik: 24.<\/strong> Maciej \u015aliwka BR &#8211; <strong>6.<\/strong> Tomasz Tymosiak, <strong>9.<\/strong> Bart\u0142omiej Poleszak, <strong>10.<\/strong> Oliwier Konojacki, <strong>17.<\/strong> Franciszek \u0141uczuk, <strong>19.<\/strong> Jakub Szymala, <strong>23.<\/strong> Krzysztof Figiel, <strong>33.<\/strong> Bartosz Dubiel, <strong>11.<\/strong> Wojciech Bia\u0142ek (80&#8242; <strong>4.<\/strong> Jakub Guzewicz),<strong> 77.<\/strong> Pawe\u0142 Szata\u0142a, <strong>88. <\/strong>Roman Mykytyn. &#8211; <strong>Trener<\/strong>: \u0141ukasz Jankowski<\/p>\n\n\n\n<p><strong>MKS Czarni Po\u0142aniec: 97.<\/strong> Piotr Chrapusta BR &#8211; <strong>2.<\/strong> Ricat Qarayev, <strong>4. <\/strong>Adrian Skrzyniak, <strong>6.<\/strong> Mateusz Chmielowiec, <strong>10.<\/strong> Adam Kramarz (80&#8242; <strong>19.<\/strong> Thiago Ortiz), <strong>15.<\/strong> Micha\u0142 Smole\u0144 (<strong>C<\/strong>), <strong>16.<\/strong> Maksymilian Szady, <strong>18.<\/strong> Igor Kierys (68&#8242; <strong>7.<\/strong> Brian Gaj), <strong>69.<\/strong> Mi\u0142osz Przekota (46&#8242; <strong>30.<\/strong> Szymon Szl\u0119k),<strong> 70.<\/strong> Grzegorz P\u0142atek (83&#8242; <strong>53.<\/strong> Wiktor Jagusiak)  <strong>88. <\/strong>Bartosz Paszczela (68&#8242; <strong>8.<\/strong> Konrad Guca) &#8211; <strong>Trener:<\/strong> Sebastian Rygu\u0142a.<\/p>\n\n\n\n<figure class=\"wp-block-image size-large\"><img loading=\"lazy\" decoding=\"async\" width=\"1024\" height=\"657\" src=\"http:\/\/mksczarnipolaniec.pl\/wp-content\/uploads\/2026\/03\/Miejski-Klub-Sportowy-Sponsorzy-1024x657.png\" alt=\"\" class=\"wp-image-7117\" srcset=\"https:\/\/mksczarnipolaniec.pl\/wp-content\/uploads\/2026\/03\/Miejski-Klub-Sportowy-Sponsorzy-1024x657.png 1024w, https:\/\/mksczarnipolaniec.pl\/wp-content\/uploads\/2026\/03\/Miejski-Klub-Sportowy-Sponsorzy-300x193.png 300w, https:\/\/mksczarnipolaniec.pl\/wp-content\/uploads\/2026\/03\/Miejski-Klub-Sportowy-Sponsorzy-768x493.png 768w, https:\/\/mksczarnipolaniec.pl\/wp-content\/uploads\/2026\/03\/Miejski-Klub-Sportowy-Sponsorzy-1536x986.png 1536w, https:\/\/mksczarnipolaniec.pl\/wp-content\/uploads\/2026\/03\/Miejski-Klub-Sportowy-Sponsorzy-128x82.png 128w, https:\/\/mksczarnipolaniec.pl\/wp-content\/uploads\/2026\/03\/Miejski-Klub-Sportowy-Sponsorzy-32x21.png 32w, https:\/\/mksczarnipolaniec.pl\/wp-content\/uploads\/2026\/03\/Miejski-Klub-Sportowy-Sponsorzy-360x230.png 360w, https:\/\/mksczarnipolaniec.pl\/wp-content\/uploads\/2026\/03\/Miejski-Klub-Sportowy-Sponsorzy-935x600.png 935w, https:\/\/mksczarnipolaniec.pl\/wp-content\/uploads\/2026\/03\/Miejski-Klub-Sportowy-Sponsorzy-1140x732.png 1140w, https:\/\/mksczarnipolaniec.pl\/wp-content\/uploads\/2026\/03\/Miejski-Klub-Sportowy-Sponsorzy-200x128.png 200w, https:\/\/mksczarnipolaniec.pl\/wp-content\/uploads\/2026\/03\/Miejski-Klub-Sportowy-Sponsorzy-450x289.png 450w, https:\/\/mksczarnipolaniec.pl\/wp-content\/uploads\/2026\/03\/Miejski-Klub-Sportowy-Sponsorzy-600x385.png 600w, https:\/\/mksczarnipolaniec.pl\/wp-content\/uploads\/2026\/03\/Miejski-Klub-Sportowy-Sponsorzy.png 2000w\" sizes=\"auto, (max-width: 1024px) 100vw, 1024px\" \/><\/figure>\n","protected":false},"excerpt":{"rendered":"<p>To by\u0142 prawdziwy pokaz si\u0142y podopiecznych Sebastiana Rygu\u0142y! W meczu 29. kolejki Betclic III ligi Czarni Po\u0142aniec pokonali na wyje\u017adzie \u015awidniczank\u0119 \u015awidnik a\u017c 4:1. Cho\u0107 gospodarze pierwsi wyszli na prowadzenie,&#8230;<\/p>\n","protected":false},"author":1,"featured_media":7257,"comment_status":"open","ping_status":"open","sticky":false,"template":"","format":"standard","meta":{"two_page_speed":[],"footnotes":""},"categories":[376,408,204,96,109],"tags":[105,377,162,94,127,310],"class_list":["post-7256","post","type-post","status-publish","format-standard","has-post-thumbnail","hentry","category-betclic-3-liga-iv","category-laczy-nas-3-liga","category-laczy-nas-pilka","category-mks-czarni-polaniec","category-sekcja-pilkarska","tag-3-liga","tag-betclic-3-liga","tag-laczy-nas-pilka","tag-mks-czarni-polaniec","tag-pzpn","tag-sekcja-pilkarska"],"yoast_head":"<!-- This site is optimized with the Yoast SEO plugin v24.5 - https:\/\/yoast.com\/wordpress\/plugins\/seo\/ -->\n<title>Efektowne zwyci\u0119stwo Czarnych Po\u0142aniec w \u015awidniku! - MKS Czarni Po\u0142aniec<\/title>\n<meta name=\"robots\" content=\"index, follow, max-snippet:-1, max-image-preview:large, max-video-preview:-1\" \/>\n<link rel=\"canonical\" href=\"https:\/\/mksczarnipolaniec.pl\/?p=7256\" \/>\n<meta property=\"og:locale\" content=\"pl_PL\" \/>\n<meta property=\"og:type\" content=\"article\" \/>\n<meta property=\"og:title\" content=\"Efektowne zwyci\u0119stwo Czarnych Po\u0142aniec w \u015awidniku! - MKS Czarni Po\u0142aniec\" \/>\n<meta property=\"og:description\" content=\"To by\u0142 prawdziwy pokaz si\u0142y podopiecznych Sebastiana Rygu\u0142y! W meczu 29. kolejki Betclic III ligi Czarni Po\u0142aniec pokonali na wyje\u017adzie \u015awidniczank\u0119 \u015awidnik a\u017c 4:1. Cho\u0107 gospodarze pierwsi wyszli na prowadzenie,...\" \/>\n<meta property=\"og:url\" content=\"https:\/\/mksczarnipolaniec.pl\/?p=7256\" \/>\n<meta property=\"og:site_name\" content=\"MKS Czarni Po\u0142aniec\" \/>\n<meta property=\"article:publisher\" content=\"https:\/\/www.facebook.com\/czarnipolaniec1948\" \/>\n<meta property=\"article:published_time\" content=\"2026-05-02T08:24:14+00:00\" \/>\n<meta property=\"article:modified_time\" content=\"2026-05-02T09:09:05+00:00\" \/>\n<meta property=\"og:image\" content=\"http:\/\/mksczarnipolaniec.pl\/wp-content\/uploads\/2026\/05\/Paszczi.jpg\" \/>\n\t<meta property=\"og:image:width\" content=\"1280\" \/>\n\t<meta property=\"og:image:height\" content=\"852\" \/>\n\t<meta property=\"og:image:type\" content=\"image\/jpeg\" \/>\n<meta name=\"author\" content=\"Redakcja\" \/>\n<meta name=\"twitter:card\" content=\"summary_large_image\" \/>\n<meta name=\"twitter:creator\" content=\"@czarnipolaniec\" \/>\n<meta name=\"twitter:site\" content=\"@czarnipolaniec\" \/>\n<meta name=\"twitter:label1\" content=\"Napisane przez\" \/>\n\t<meta name=\"twitter:data1\" content=\"Redakcja\" \/>\n\t<meta name=\"twitter:label2\" content=\"Szacowany czas czytania\" \/>\n\t<meta name=\"twitter:data2\" content=\"4 minuty\" \/>\n<script type=\"application\/ld+json\" class=\"yoast-schema-graph\">{\"@context\":\"https:\/\/schema.org\",\"@graph\":[{\"@type\":\"Article\",\"@id\":\"https:\/\/mksczarnipolaniec.pl\/?p=7256#article\",\"isPartOf\":{\"@id\":\"https:\/\/mksczarnipolaniec.pl\/?p=7256\"},\"author\":{\"name\":\"Redakcja\",\"@id\":\"https:\/\/mksczarnipolaniec.pl\/#\/schema\/person\/6c5a8be8f86fe7e60b3d7aeca4cca7f0\"},\"headline\":\"Efektowne zwyci\u0119stwo Czarnych Po\u0142aniec w \u015awidniku!\",\"datePublished\":\"2026-05-02T08:24:14+00:00\",\"dateModified\":\"2026-05-02T09:09:05+00:00\",\"mainEntityOfPage\":{\"@id\":\"https:\/\/mksczarnipolaniec.pl\/?p=7256\"},\"wordCount\":481,\"commentCount\":0,\"publisher\":{\"@id\":\"https:\/\/mksczarnipolaniec.pl\/#organization\"},\"image\":{\"@id\":\"https:\/\/mksczarnipolaniec.pl\/?p=7256#primaryimage\"},\"thumbnailUrl\":\"https:\/\/mksczarnipolaniec.pl\/wp-content\/uploads\/2026\/05\/Paszczi.jpg\",\"keywords\":[\"3 liga\",\"Betclic 3 liga\",\"\u0141\u0105czy Nas Pi\u0142ka\",\"MKS Czarni Po\u0142aniec\",\"PZPN\",\"Sekcja Pi\u0142karska\"],\"articleSection\":[\"Betclic 3 liga - IV\",\"\u0141\u0105czy Nas 3 Liga\",\"\u0141\u0105czy Nas Pi\u0142ka\",\"MKS Czarni Po\u0142aniec\",\"Sekcja Pi\u0142karska\"],\"inLanguage\":\"pl-PL\",\"potentialAction\":[{\"@type\":\"CommentAction\",\"name\":\"Comment\",\"target\":[\"https:\/\/mksczarnipolaniec.pl\/?p=7256#respond\"]}]},{\"@type\":\"WebPage\",\"@id\":\"https:\/\/mksczarnipolaniec.pl\/?p=7256\",\"url\":\"https:\/\/mksczarnipolaniec.pl\/?p=7256\",\"name\":\"Efektowne zwyci\u0119stwo Czarnych Po\u0142aniec w \u015awidniku! - MKS Czarni Po\u0142aniec\",\"isPartOf\":{\"@id\":\"https:\/\/mksczarnipolaniec.pl\/#website\"},\"primaryImageOfPage\":{\"@id\":\"https:\/\/mksczarnipolaniec.pl\/?p=7256#primaryimage\"},\"image\":{\"@id\":\"https:\/\/mksczarnipolaniec.pl\/?p=7256#primaryimage\"},\"thumbnailUrl\":\"https:\/\/mksczarnipolaniec.pl\/wp-content\/uploads\/2026\/05\/Paszczi.jpg\",\"datePublished\":\"2026-05-02T08:24:14+00:00\",\"dateModified\":\"2026-05-02T09:09:05+00:00\",\"breadcrumb\":{\"@id\":\"https:\/\/mksczarnipolaniec.pl\/?p=7256#breadcrumb\"},\"inLanguage\":\"pl-PL\",\"potentialAction\":[{\"@type\":\"ReadAction\",\"target\":[\"https:\/\/mksczarnipolaniec.pl\/?p=7256\"]}]},{\"@type\":\"ImageObject\",\"inLanguage\":\"pl-PL\",\"@id\":\"https:\/\/mksczarnipolaniec.pl\/?p=7256#primaryimage\",\"url\":\"https:\/\/mksczarnipolaniec.pl\/wp-content\/uploads\/2026\/05\/Paszczi.jpg\",\"contentUrl\":\"https:\/\/mksczarnipolaniec.pl\/wp-content\/uploads\/2026\/05\/Paszczi.jpg\",\"width\":1280,\"height\":852},{\"@type\":\"BreadcrumbList\",\"@id\":\"https:\/\/mksczarnipolaniec.pl\/?p=7256#breadcrumb\",\"itemListElement\":[{\"@type\":\"ListItem\",\"position\":1,\"name\":\"Strona g\u0142\u00f3wna\",\"item\":\"https:\/\/mksczarnipolaniec.pl\/\"},{\"@type\":\"ListItem\",\"position\":2,\"name\":\"Efektowne zwyci\u0119stwo Czarnych Po\u0142aniec w \u015awidniku!\"}]},{\"@type\":\"WebSite\",\"@id\":\"https:\/\/mksczarnipolaniec.pl\/#website\",\"url\":\"https:\/\/mksczarnipolaniec.pl\/\",\"name\":\"Oficjalna strona klubu - MKS Czarni Po\u0142aniec\",\"description\":\"- Oficjalna Strona Klubu\",\"publisher\":{\"@id\":\"https:\/\/mksczarnipolaniec.pl\/#organization\"},\"potentialAction\":[{\"@type\":\"SearchAction\",\"target\":{\"@type\":\"EntryPoint\",\"urlTemplate\":\"https:\/\/mksczarnipolaniec.pl\/?s={search_term_string}\"},\"query-input\":{\"@type\":\"PropertyValueSpecification\",\"valueRequired\":true,\"valueName\":\"search_term_string\"}}],\"inLanguage\":\"pl-PL\"},{\"@type\":\"Organization\",\"@id\":\"https:\/\/mksczarnipolaniec.pl\/#organization\",\"name\":\"Oficjalna strona klubu - MKS Czarni Po\u0142aniec\",\"url\":\"https:\/\/mksczarnipolaniec.pl\/\",\"logo\":{\"@type\":\"ImageObject\",\"inLanguage\":\"pl-PL\",\"@id\":\"https:\/\/mksczarnipolaniec.pl\/#\/schema\/logo\/image\/\",\"url\":\"https:\/\/mksczarnipolaniec.pl\/wp-content\/uploads\/1910\/01\/Czarni-Polaniec-1.png\",\"contentUrl\":\"https:\/\/mksczarnipolaniec.pl\/wp-content\/uploads\/1910\/01\/Czarni-Polaniec-1.png\",\"width\":474,\"height\":512,\"caption\":\"Oficjalna strona klubu - MKS Czarni Po\u0142aniec\"},\"image\":{\"@id\":\"https:\/\/mksczarnipolaniec.pl\/#\/schema\/logo\/image\/\"},\"sameAs\":[\"https:\/\/www.facebook.com\/czarnipolaniec1948\",\"https:\/\/x.com\/czarnipolaniec\"]},{\"@type\":\"Person\",\"@id\":\"https:\/\/mksczarnipolaniec.pl\/#\/schema\/person\/6c5a8be8f86fe7e60b3d7aeca4cca7f0\",\"name\":\"Redakcja\",\"image\":{\"@type\":\"ImageObject\",\"inLanguage\":\"pl-PL\",\"@id\":\"https:\/\/mksczarnipolaniec.pl\/#\/schema\/person\/image\/\",\"url\":\"https:\/\/secure.gravatar.com\/avatar\/b02da93292d5fed03f1c9802953622aed1cb75c3d0a7f7ad7ecceae73f23f797?s=96&d=mm&r=g\",\"contentUrl\":\"https:\/\/secure.gravatar.com\/avatar\/b02da93292d5fed03f1c9802953622aed1cb75c3d0a7f7ad7ecceae73f23f797?s=96&d=mm&r=g\",\"caption\":\"Redakcja\"},\"description\":\"Pochodz\u0119 z Krakowa, swoje pocz\u0105tki dziennikarskie zaczyna\u0142em w takich klubach jak, Naprz\u00f3d Ujazd Niezdrowice, MKS Puszcza Niepo\u0142omice oraz MKS Czarni Po\u0142aniec. Najwi\u0119ksze do\u015bwiadczenie prasowe zebra\u0142em w Puszczy do kt\u00f3rej do\u0142\u0105czy\u0142em w 2010 roku, nast\u0119pnie przez dwa lata wsp\u00f3\u0142tworzy\u0142em serwis internetowy oraz odpowiada\u0142em za promocj\u0119 klubu w ca\u0142ej gminie - Niepo\u0142omice. Z pocz\u0105tkiem 2016 roku rozpocz\u0105\u0142em prac\u0119 w MKS Czarni Po\u0142aniec gdzie mia\u0142em zbudowa\u0107 silne media klubu, kt\u00f3re obecnie etapowo pr\u00f3buje wdra\u017ca\u0107.\",\"sameAs\":[\"http:\/\/mksczarnipolaniec.pl\"],\"url\":\"https:\/\/mksczarnipolaniec.pl\/?author=1\"}]}<\/script>\n<!-- \/ Yoast SEO plugin. -->","yoast_head_json":{"title":"Efektowne zwyci\u0119stwo Czarnych Po\u0142aniec w \u015awidniku! - MKS Czarni Po\u0142aniec","robots":{"index":"index","follow":"follow","max-snippet":"max-snippet:-1","max-image-preview":"max-image-preview:large","max-video-preview":"max-video-preview:-1"},"canonical":"https:\/\/mksczarnipolaniec.pl\/?p=7256","og_locale":"pl_PL","og_type":"article","og_title":"Efektowne zwyci\u0119stwo Czarnych Po\u0142aniec w \u015awidniku! - MKS Czarni Po\u0142aniec","og_description":"To by\u0142 prawdziwy pokaz si\u0142y podopiecznych Sebastiana Rygu\u0142y! W meczu 29. kolejki Betclic III ligi Czarni Po\u0142aniec pokonali na wyje\u017adzie \u015awidniczank\u0119 \u015awidnik a\u017c 4:1. Cho\u0107 gospodarze pierwsi wyszli na prowadzenie,...","og_url":"https:\/\/mksczarnipolaniec.pl\/?p=7256","og_site_name":"MKS Czarni Po\u0142aniec","article_publisher":"https:\/\/www.facebook.com\/czarnipolaniec1948","article_published_time":"2026-05-02T08:24:14+00:00","article_modified_time":"2026-05-02T09:09:05+00:00","og_image":[{"width":1280,"height":852,"url":"http:\/\/mksczarnipolaniec.pl\/wp-content\/uploads\/2026\/05\/Paszczi.jpg","type":"image\/jpeg"}],"author":"Redakcja","twitter_card":"summary_large_image","twitter_creator":"@czarnipolaniec","twitter_site":"@czarnipolaniec","twitter_misc":{"Napisane przez":"Redakcja","Szacowany czas czytania":"4 minuty"},"schema":{"@context":"https:\/\/schema.org","@graph":[{"@type":"Article","@id":"https:\/\/mksczarnipolaniec.pl\/?p=7256#article","isPartOf":{"@id":"https:\/\/mksczarnipolaniec.pl\/?p=7256"},"author":{"name":"Redakcja","@id":"https:\/\/mksczarnipolaniec.pl\/#\/schema\/person\/6c5a8be8f86fe7e60b3d7aeca4cca7f0"},"headline":"Efektowne zwyci\u0119stwo Czarnych Po\u0142aniec w \u015awidniku!","datePublished":"2026-05-02T08:24:14+00:00","dateModified":"2026-05-02T09:09:05+00:00","mainEntityOfPage":{"@id":"https:\/\/mksczarnipolaniec.pl\/?p=7256"},"wordCount":481,"commentCount":0,"publisher":{"@id":"https:\/\/mksczarnipolaniec.pl\/#organization"},"image":{"@id":"https:\/\/mksczarnipolaniec.pl\/?p=7256#primaryimage"},"thumbnailUrl":"https:\/\/mksczarnipolaniec.pl\/wp-content\/uploads\/2026\/05\/Paszczi.jpg","keywords":["3 liga","Betclic 3 liga","\u0141\u0105czy Nas Pi\u0142ka","MKS Czarni Po\u0142aniec","PZPN","Sekcja Pi\u0142karska"],"articleSection":["Betclic 3 liga - IV","\u0141\u0105czy Nas 3 Liga","\u0141\u0105czy Nas Pi\u0142ka","MKS Czarni Po\u0142aniec","Sekcja Pi\u0142karska"],"inLanguage":"pl-PL","potentialAction":[{"@type":"CommentAction","name":"Comment","target":["https:\/\/mksczarnipolaniec.pl\/?p=7256#respond"]}]},{"@type":"WebPage","@id":"https:\/\/mksczarnipolaniec.pl\/?p=7256","url":"https:\/\/mksczarnipolaniec.pl\/?p=7256","name":"Efektowne zwyci\u0119stwo Czarnych Po\u0142aniec w \u015awidniku! - MKS Czarni Po\u0142aniec","isPartOf":{"@id":"https:\/\/mksczarnipolaniec.pl\/#website"},"primaryImageOfPage":{"@id":"https:\/\/mksczarnipolaniec.pl\/?p=7256#primaryimage"},"image":{"@id":"https:\/\/mksczarnipolaniec.pl\/?p=7256#primaryimage"},"thumbnailUrl":"https:\/\/mksczarnipolaniec.pl\/wp-content\/uploads\/2026\/05\/Paszczi.jpg","datePublished":"2026-05-02T08:24:14+00:00","dateModified":"2026-05-02T09:09:05+00:00","breadcrumb":{"@id":"https:\/\/mksczarnipolaniec.pl\/?p=7256#breadcrumb"},"inLanguage":"pl-PL","potentialAction":[{"@type":"ReadAction","target":["https:\/\/mksczarnipolaniec.pl\/?p=7256"]}]},{"@type":"ImageObject","inLanguage":"pl-PL","@id":"https:\/\/mksczarnipolaniec.pl\/?p=7256#primaryimage","url":"https:\/\/mksczarnipolaniec.pl\/wp-content\/uploads\/2026\/05\/Paszczi.jpg","contentUrl":"https:\/\/mksczarnipolaniec.pl\/wp-content\/uploads\/2026\/05\/Paszczi.jpg","width":1280,"height":852},{"@type":"BreadcrumbList","@id":"https:\/\/mksczarnipolaniec.pl\/?p=7256#breadcrumb","itemListElement":[{"@type":"ListItem","position":1,"name":"Strona g\u0142\u00f3wna","item":"https:\/\/mksczarnipolaniec.pl\/"},{"@type":"ListItem","position":2,"name":"Efektowne zwyci\u0119stwo Czarnych Po\u0142aniec w \u015awidniku!"}]},{"@type":"WebSite","@id":"https:\/\/mksczarnipolaniec.pl\/#website","url":"https:\/\/mksczarnipolaniec.pl\/","name":"Oficjalna strona klubu - MKS Czarni Po\u0142aniec","description":"- Oficjalna Strona Klubu","publisher":{"@id":"https:\/\/mksczarnipolaniec.pl\/#organization"},"potentialAction":[{"@type":"SearchAction","target":{"@type":"EntryPoint","urlTemplate":"https:\/\/mksczarnipolaniec.pl\/?s={search_term_string}"},"query-input":{"@type":"PropertyValueSpecification","valueRequired":true,"valueName":"search_term_string"}}],"inLanguage":"pl-PL"},{"@type":"Organization","@id":"https:\/\/mksczarnipolaniec.pl\/#organization","name":"Oficjalna strona klubu - MKS Czarni Po\u0142aniec","url":"https:\/\/mksczarnipolaniec.pl\/","logo":{"@type":"ImageObject","inLanguage":"pl-PL","@id":"https:\/\/mksczarnipolaniec.pl\/#\/schema\/logo\/image\/","url":"https:\/\/mksczarnipolaniec.pl\/wp-content\/uploads\/1910\/01\/Czarni-Polaniec-1.png","contentUrl":"https:\/\/mksczarnipolaniec.pl\/wp-content\/uploads\/1910\/01\/Czarni-Polaniec-1.png","width":474,"height":512,"caption":"Oficjalna strona klubu - MKS Czarni Po\u0142aniec"},"image":{"@id":"https:\/\/mksczarnipolaniec.pl\/#\/schema\/logo\/image\/"},"sameAs":["https:\/\/www.facebook.com\/czarnipolaniec1948","https:\/\/x.com\/czarnipolaniec"]},{"@type":"Person","@id":"https:\/\/mksczarnipolaniec.pl\/#\/schema\/person\/6c5a8be8f86fe7e60b3d7aeca4cca7f0","name":"Redakcja","image":{"@type":"ImageObject","inLanguage":"pl-PL","@id":"https:\/\/mksczarnipolaniec.pl\/#\/schema\/person\/image\/","url":"https:\/\/secure.gravatar.com\/avatar\/b02da93292d5fed03f1c9802953622aed1cb75c3d0a7f7ad7ecceae73f23f797?s=96&d=mm&r=g","contentUrl":"https:\/\/secure.gravatar.com\/avatar\/b02da93292d5fed03f1c9802953622aed1cb75c3d0a7f7ad7ecceae73f23f797?s=96&d=mm&r=g","caption":"Redakcja"},"description":"Pochodz\u0119 z Krakowa, swoje pocz\u0105tki dziennikarskie zaczyna\u0142em w takich klubach jak, Naprz\u00f3d Ujazd Niezdrowice, MKS Puszcza Niepo\u0142omice oraz MKS Czarni Po\u0142aniec. Najwi\u0119ksze do\u015bwiadczenie prasowe zebra\u0142em w Puszczy do kt\u00f3rej do\u0142\u0105czy\u0142em w 2010 roku, nast\u0119pnie przez dwa lata wsp\u00f3\u0142tworzy\u0142em serwis internetowy oraz odpowiada\u0142em za promocj\u0119 klubu w ca\u0142ej gminie - Niepo\u0142omice. Z pocz\u0105tkiem 2016 roku rozpocz\u0105\u0142em prac\u0119 w MKS Czarni Po\u0142aniec gdzie mia\u0142em zbudowa\u0107 silne media klubu, kt\u00f3re obecnie etapowo pr\u00f3buje wdra\u017ca\u0107.","sameAs":["http:\/\/mksczarnipolaniec.pl"],"url":"https:\/\/mksczarnipolaniec.pl\/?author=1"}]}},"_links":{"self":[{"href":"https:\/\/mksczarnipolaniec.pl\/index.php?rest_route=\/wp\/v2\/posts\/7256","targetHints":{"allow":["GET"]}}],"collection":[{"href":"https:\/\/mksczarnipolaniec.pl\/index.php?rest_route=\/wp\/v2\/posts"}],"about":[{"href":"https:\/\/mksczarnipolaniec.pl\/index.php?rest_route=\/wp\/v2\/types\/post"}],"author":[{"embeddable":true,"href":"https:\/\/mksczarnipolaniec.pl\/index.php?rest_route=\/wp\/v2\/users\/1"}],"replies":[{"embeddable":true,"href":"https:\/\/mksczarnipolaniec.pl\/index.php?rest_route=%2Fwp%2Fv2%2Fcomments&post=7256"}],"version-history":[{"count":4,"href":"https:\/\/mksczarnipolaniec.pl\/index.php?rest_route=\/wp\/v2\/posts\/7256\/revisions"}],"predecessor-version":[{"id":7265,"href":"https:\/\/mksczarnipolaniec.pl\/index.php?rest_route=\/wp\/v2\/posts\/7256\/revisions\/7265"}],"wp:featuredmedia":[{"embeddable":true,"href":"https:\/\/mksczarnipolaniec.pl\/index.php?rest_route=\/wp\/v2\/media\/7257"}],"wp:attachment":[{"href":"https:\/\/mksczarnipolaniec.pl\/index.php?rest_route=%2Fwp%2Fv2%2Fmedia&parent=7256"}],"wp:term":[{"taxonomy":"category","embeddable":true,"href":"https:\/\/mksczarnipolaniec.pl\/index.php?rest_route=%2Fwp%2Fv2%2Fcategories&post=7256"},{"taxonomy":"post_tag","embeddable":true,"href":"https:\/\/mksczarnipolaniec.pl\/index.php?rest_route=%2Fwp%2Fv2%2Ftags&post=7256"}],"curies":[{"name":"wp","href":"https:\/\/api.w.org\/{rel}","templated":true}]}}