{"id":7806,"date":"2026-08-30T10:08:10","date_gmt":"2026-08-30T08:08:10","guid":{"rendered":"https:\/\/mksczarnipolaniec.pl\/?p=7806"},"modified":"2026-08-30T10:08:11","modified_gmt":"2026-08-30T08:08:11","slug":"czarni-ii-polaniec-podejma-hubal-linow","status":"publish","type":"post","link":"https:\/\/mksczarnipolaniec.pl\/?p=7806","title":{"rendered":"Czarni II Po\u0142aniec podejm\u0105 Hubal Lin\u00f3w"},"content":{"rendered":"\n<p class=\"wp-block-paragraph\">W niedziel\u0119 \u2013 30 sierpnia o godzinie 15:00, Czarni II Po\u0142aniec rozegraj\u0105 spotkanie 2. kolejki Klasy A, grupy III. Na w\u0142asnym stadionie nasz zesp\u00f3\u0142 zmierzy si\u0119 z Hubalem Lin\u00f3w.<\/p>\n\n\n\n<p class=\"wp-block-paragraph\">Czarni II udanie rozpocz\u0119li ligowe zmagania. W pierwszej kolejce po ambitnej walce pokonali na wyje\u017adzie Stal Kun\u00f3w 0:1, zdobywaj\u0105c tym samym pierwsze trzy punkty w sezonie.<\/p>\n\n\n\n<p class=\"wp-block-paragraph\">Teraz przed dru\u017cyn\u0105 kolejne wyzwanie i okazja, aby przed w\u0142asn\u0105 publiczno\u015bci\u0105 si\u0119gn\u0105\u0107 po nast\u0119pne zwyci\u0119stwo. Zapowiada si\u0119 spotkanie pe\u0142ne walki i sportowych emocji.<\/p>\n\n\n<div class=\"wp-block-image\">\n<figure class=\"aligncenter size-large\"><img loading=\"lazy\" decoding=\"async\" width=\"819\" height=\"1024\" src=\"https:\/\/mksczarnipolaniec.pl\/wp-content\/uploads\/2026\/08\/CZARNI-POLANIEC-SOCIAL-MEDIA-3-819x1024.png\" alt=\"\" class=\"wp-image-7807\" srcset=\"https:\/\/mksczarnipolaniec.pl\/wp-content\/uploads\/2026\/08\/CZARNI-POLANIEC-SOCIAL-MEDIA-3-819x1024.png 819w, https:\/\/mksczarnipolaniec.pl\/wp-content\/uploads\/2026\/08\/CZARNI-POLANIEC-SOCIAL-MEDIA-3-240x300.png 240w, https:\/\/mksczarnipolaniec.pl\/wp-content\/uploads\/2026\/08\/CZARNI-POLANIEC-SOCIAL-MEDIA-3-768x960.png 768w, https:\/\/mksczarnipolaniec.pl\/wp-content\/uploads\/2026\/08\/CZARNI-POLANIEC-SOCIAL-MEDIA-3-102x128.png 102w, https:\/\/mksczarnipolaniec.pl\/wp-content\/uploads\/2026\/08\/CZARNI-POLANIEC-SOCIAL-MEDIA-3-26x32.png 26w, https:\/\/mksczarnipolaniec.pl\/wp-content\/uploads\/2026\/08\/CZARNI-POLANIEC-SOCIAL-MEDIA-3-480x600.png 480w, https:\/\/mksczarnipolaniec.pl\/wp-content\/uploads\/2026\/08\/CZARNI-POLANIEC-SOCIAL-MEDIA-3-912x1140.png 912w, https:\/\/mksczarnipolaniec.pl\/wp-content\/uploads\/2026\/08\/CZARNI-POLANIEC-SOCIAL-MEDIA-3-160x200.png 160w, https:\/\/mksczarnipolaniec.pl\/wp-content\/uploads\/2026\/08\/CZARNI-POLANIEC-SOCIAL-MEDIA-3-360x450.png 360w, https:\/\/mksczarnipolaniec.pl\/wp-content\/uploads\/2026\/08\/CZARNI-POLANIEC-SOCIAL-MEDIA-3.png 1080w\" sizes=\"auto, (max-width: 819px) 100vw, 819px\" \/><\/figure>\n<\/div>","protected":false},"excerpt":{"rendered":"<p>W niedziel\u0119 \u2013 30 sierpnia o godzinie 15:00, Czarni II Po\u0142aniec rozegraj\u0105 spotkanie 2. kolejki Klasy A, grupy III. Na w\u0142asnym stadionie nasz zesp\u00f3\u0142 zmierzy si\u0119 z Hubalem Lin\u00f3w. Czarni&#8230;<\/p>\n","protected":false},"author":1,"featured_media":7808,"comment_status":"closed","ping_status":"closed","sticky":false,"template":"","format":"standard","meta":{"two_page_speed":[],"footnotes":""},"categories":[575,578],"tags":[],"class_list":["post-7806","post","type-post","status-publish","format-standard","has-post-thumbnail","hentry","category-a-klasa-grupa-iii-swietokrzyskie","category-czarni-ii-polaniec"],"yoast_head":"<!-- This site is optimized with the Yoast SEO plugin v27.8 - https:\/\/yoast.com\/product\/yoast-seo-wordpress\/ -->\n<title>Czarni II Po\u0142aniec podejm\u0105 Hubal Lin\u00f3w - MKS Czarni Po\u0142aniec<\/title>\n<meta name=\"robots\" content=\"index, follow, max-snippet:-1, max-image-preview:large, max-video-preview:-1\" \/>\n<link rel=\"canonical\" href=\"https:\/\/mksczarnipolaniec.pl\/?p=7806\" \/>\n<meta property=\"og:locale\" content=\"pl_PL\" \/>\n<meta property=\"og:type\" content=\"article\" \/>\n<meta property=\"og:title\" content=\"Czarni II Po\u0142aniec podejm\u0105 Hubal Lin\u00f3w - MKS Czarni Po\u0142aniec\" \/>\n<meta property=\"og:description\" content=\"W niedziel\u0119 \u2013 30 sierpnia o godzinie 15:00, Czarni II Po\u0142aniec rozegraj\u0105 spotkanie 2. kolejki Klasy A, grupy III. Na w\u0142asnym stadionie nasz zesp\u00f3\u0142 zmierzy si\u0119 z Hubalem Lin\u00f3w. Czarni...\" \/>\n<meta property=\"og:url\" content=\"https:\/\/mksczarnipolaniec.pl\/?p=7806\" \/>\n<meta property=\"og:site_name\" content=\"MKS Czarni Po\u0142aniec\" \/>\n<meta property=\"article:publisher\" content=\"https:\/\/www.facebook.com\/czarnipolaniec1948\" \/>\n<meta property=\"article:published_time\" content=\"2026-08-30T08:08:10+00:00\" \/>\n<meta property=\"article:modified_time\" content=\"2026-08-30T08:08:11+00:00\" \/>\n<meta property=\"og:image\" content=\"http:\/\/mksczarnipolaniec.pl\/wp-content\/uploads\/2026\/08\/CzarniII-Hubal.png\" \/>\n\t<meta property=\"og:image:width\" content=\"1700\" \/>\n\t<meta property=\"og:image:height\" content=\"1100\" \/>\n\t<meta property=\"og:image:type\" content=\"image\/png\" \/>\n<meta name=\"author\" content=\"Redakcja\" \/>\n<meta name=\"twitter:card\" content=\"summary_large_image\" \/>\n<meta name=\"twitter:creator\" content=\"@czarnipolaniec\" \/>\n<meta name=\"twitter:site\" content=\"@czarnipolaniec\" \/>\n<meta name=\"twitter:label1\" content=\"Napisane przez\" \/>\n\t<meta name=\"twitter:data1\" content=\"Redakcja\" \/>\n\t<meta name=\"twitter:label2\" content=\"Szacowany czas czytania\" \/>\n\t<meta name=\"twitter:data2\" content=\"1 minuta\" \/>\n<script type=\"application\/ld+json\" class=\"yoast-schema-graph\">{\"@context\":\"https:\\\/\\\/schema.org\",\"@graph\":[{\"@type\":\"Article\",\"@id\":\"https:\\\/\\\/mksczarnipolaniec.pl\\\/?p=7806#article\",\"isPartOf\":{\"@id\":\"https:\\\/\\\/mksczarnipolaniec.pl\\\/?p=7806\"},\"author\":{\"name\":\"Redakcja\",\"@id\":\"https:\\\/\\\/mksczarnipolaniec.pl\\\/#\\\/schema\\\/person\\\/6c5a8be8f86fe7e60b3d7aeca4cca7f0\"},\"headline\":\"Czarni II Po\u0142aniec podejm\u0105 Hubal Lin\u00f3w\",\"datePublished\":\"2026-08-30T08:08:10+00:00\",\"dateModified\":\"2026-08-30T08:08:11+00:00\",\"mainEntityOfPage\":{\"@id\":\"https:\\\/\\\/mksczarnipolaniec.pl\\\/?p=7806\"},\"wordCount\":96,\"publisher\":{\"@id\":\"https:\\\/\\\/mksczarnipolaniec.pl\\\/#organization\"},\"image\":{\"@id\":\"https:\\\/\\\/mksczarnipolaniec.pl\\\/?p=7806#primaryimage\"},\"thumbnailUrl\":\"https:\\\/\\\/mksczarnipolaniec.pl\\\/wp-content\\\/uploads\\\/2026\\\/08\\\/CzarniII-Hubal.png\",\"articleSection\":[\"A-klasa | Grupa III | \u015awi\u0119tokrzyskie\",\"Czarni II Po\u0142aniec\"],\"inLanguage\":\"pl-PL\"},{\"@type\":\"WebPage\",\"@id\":\"https:\\\/\\\/mksczarnipolaniec.pl\\\/?p=7806\",\"url\":\"https:\\\/\\\/mksczarnipolaniec.pl\\\/?p=7806\",\"name\":\"Czarni II Po\u0142aniec podejm\u0105 Hubal Lin\u00f3w - MKS Czarni Po\u0142aniec\",\"isPartOf\":{\"@id\":\"https:\\\/\\\/mksczarnipolaniec.pl\\\/#website\"},\"primaryImageOfPage\":{\"@id\":\"https:\\\/\\\/mksczarnipolaniec.pl\\\/?p=7806#primaryimage\"},\"image\":{\"@id\":\"https:\\\/\\\/mksczarnipolaniec.pl\\\/?p=7806#primaryimage\"},\"thumbnailUrl\":\"https:\\\/\\\/mksczarnipolaniec.pl\\\/wp-content\\\/uploads\\\/2026\\\/08\\\/CzarniII-Hubal.png\",\"datePublished\":\"2026-08-30T08:08:10+00:00\",\"dateModified\":\"2026-08-30T08:08:11+00:00\",\"breadcrumb\":{\"@id\":\"https:\\\/\\\/mksczarnipolaniec.pl\\\/?p=7806#breadcrumb\"},\"inLanguage\":\"pl-PL\",\"potentialAction\":[{\"@type\":\"ReadAction\",\"target\":[\"https:\\\/\\\/mksczarnipolaniec.pl\\\/?p=7806\"]}]},{\"@type\":\"ImageObject\",\"inLanguage\":\"pl-PL\",\"@id\":\"https:\\\/\\\/mksczarnipolaniec.pl\\\/?p=7806#primaryimage\",\"url\":\"https:\\\/\\\/mksczarnipolaniec.pl\\\/wp-content\\\/uploads\\\/2026\\\/08\\\/CzarniII-Hubal.png\",\"contentUrl\":\"https:\\\/\\\/mksczarnipolaniec.pl\\\/wp-content\\\/uploads\\\/2026\\\/08\\\/CzarniII-Hubal.png\",\"width\":1700,\"height\":1100},{\"@type\":\"BreadcrumbList\",\"@id\":\"https:\\\/\\\/mksczarnipolaniec.pl\\\/?p=7806#breadcrumb\",\"itemListElement\":[{\"@type\":\"ListItem\",\"position\":1,\"name\":\"Strona g\u0142\u00f3wna\",\"item\":\"https:\\\/\\\/mksczarnipolaniec.pl\\\/\"},{\"@type\":\"ListItem\",\"position\":2,\"name\":\"Czarni II Po\u0142aniec podejm\u0105 Hubal Lin\u00f3w\"}]},{\"@type\":\"WebSite\",\"@id\":\"https:\\\/\\\/mksczarnipolaniec.pl\\\/#website\",\"url\":\"https:\\\/\\\/mksczarnipolaniec.pl\\\/\",\"name\":\"Oficjalna strona klubu - MKS Czarni Po\u0142aniec\",\"description\":\"- Oficjalna Strona Klubu\",\"publisher\":{\"@id\":\"https:\\\/\\\/mksczarnipolaniec.pl\\\/#organization\"},\"potentialAction\":[{\"@type\":\"SearchAction\",\"target\":{\"@type\":\"EntryPoint\",\"urlTemplate\":\"https:\\\/\\\/mksczarnipolaniec.pl\\\/?s={search_term_string}\"},\"query-input\":{\"@type\":\"PropertyValueSpecification\",\"valueRequired\":true,\"valueName\":\"search_term_string\"}}],\"inLanguage\":\"pl-PL\"},{\"@type\":\"Organization\",\"@id\":\"https:\\\/\\\/mksczarnipolaniec.pl\\\/#organization\",\"name\":\"Oficjalna strona klubu - MKS Czarni Po\u0142aniec\",\"url\":\"https:\\\/\\\/mksczarnipolaniec.pl\\\/\",\"logo\":{\"@type\":\"ImageObject\",\"inLanguage\":\"pl-PL\",\"@id\":\"https:\\\/\\\/mksczarnipolaniec.pl\\\/#\\\/schema\\\/logo\\\/image\\\/\",\"url\":\"https:\\\/\\\/mksczarnipolaniec.pl\\\/wp-content\\\/uploads\\\/1910\\\/01\\\/Czarni-Polaniec-1.png\",\"contentUrl\":\"https:\\\/\\\/mksczarnipolaniec.pl\\\/wp-content\\\/uploads\\\/1910\\\/01\\\/Czarni-Polaniec-1.png\",\"width\":474,\"height\":512,\"caption\":\"Oficjalna strona klubu - MKS Czarni Po\u0142aniec\"},\"image\":{\"@id\":\"https:\\\/\\\/mksczarnipolaniec.pl\\\/#\\\/schema\\\/logo\\\/image\\\/\"},\"sameAs\":[\"https:\\\/\\\/www.facebook.com\\\/czarnipolaniec1948\",\"https:\\\/\\\/x.com\\\/czarnipolaniec\"]},{\"@type\":\"Person\",\"@id\":\"https:\\\/\\\/mksczarnipolaniec.pl\\\/#\\\/schema\\\/person\\\/6c5a8be8f86fe7e60b3d7aeca4cca7f0\",\"name\":\"Redakcja\",\"image\":{\"@type\":\"ImageObject\",\"inLanguage\":\"pl-PL\",\"@id\":\"https:\\\/\\\/secure.gravatar.com\\\/avatar\\\/b02da93292d5fed03f1c9802953622aed1cb75c3d0a7f7ad7ecceae73f23f797?s=96&d=mm&r=g\",\"url\":\"https:\\\/\\\/secure.gravatar.com\\\/avatar\\\/b02da93292d5fed03f1c9802953622aed1cb75c3d0a7f7ad7ecceae73f23f797?s=96&d=mm&r=g\",\"contentUrl\":\"https:\\\/\\\/secure.gravatar.com\\\/avatar\\\/b02da93292d5fed03f1c9802953622aed1cb75c3d0a7f7ad7ecceae73f23f797?s=96&d=mm&r=g\",\"caption\":\"Redakcja\"},\"sameAs\":[\"http:\\\/\\\/mksczarnipolaniec.pl\"],\"url\":\"https:\\\/\\\/mksczarnipolaniec.pl\\\/?author=1\"}]}<\/script>\n<!-- \/ Yoast SEO plugin. -->","yoast_head_json":{"title":"Czarni II Po\u0142aniec podejm\u0105 Hubal Lin\u00f3w - MKS Czarni Po\u0142aniec","robots":{"index":"index","follow":"follow","max-snippet":"max-snippet:-1","max-image-preview":"max-image-preview:large","max-video-preview":"max-video-preview:-1"},"canonical":"https:\/\/mksczarnipolaniec.pl\/?p=7806","og_locale":"pl_PL","og_type":"article","og_title":"Czarni II Po\u0142aniec podejm\u0105 Hubal Lin\u00f3w - MKS Czarni Po\u0142aniec","og_description":"W niedziel\u0119 \u2013 30 sierpnia o godzinie 15:00, Czarni II Po\u0142aniec rozegraj\u0105 spotkanie 2. kolejki Klasy A, grupy III. Na w\u0142asnym stadionie nasz zesp\u00f3\u0142 zmierzy si\u0119 z Hubalem Lin\u00f3w. Czarni...","og_url":"https:\/\/mksczarnipolaniec.pl\/?p=7806","og_site_name":"MKS Czarni Po\u0142aniec","article_publisher":"https:\/\/www.facebook.com\/czarnipolaniec1948","article_published_time":"2026-08-30T08:08:10+00:00","article_modified_time":"2026-08-30T08:08:11+00:00","og_image":[{"width":1700,"height":1100,"url":"http:\/\/mksczarnipolaniec.pl\/wp-content\/uploads\/2026\/08\/CzarniII-Hubal.png","type":"image\/png"}],"author":"Redakcja","twitter_card":"summary_large_image","twitter_creator":"@czarnipolaniec","twitter_site":"@czarnipolaniec","twitter_misc":{"Napisane przez":"Redakcja","Szacowany czas czytania":"1 minuta"},"schema":{"@context":"https:\/\/schema.org","@graph":[{"@type":"Article","@id":"https:\/\/mksczarnipolaniec.pl\/?p=7806#article","isPartOf":{"@id":"https:\/\/mksczarnipolaniec.pl\/?p=7806"},"author":{"name":"Redakcja","@id":"https:\/\/mksczarnipolaniec.pl\/#\/schema\/person\/6c5a8be8f86fe7e60b3d7aeca4cca7f0"},"headline":"Czarni II Po\u0142aniec podejm\u0105 Hubal Lin\u00f3w","datePublished":"2026-08-30T08:08:10+00:00","dateModified":"2026-08-30T08:08:11+00:00","mainEntityOfPage":{"@id":"https:\/\/mksczarnipolaniec.pl\/?p=7806"},"wordCount":96,"publisher":{"@id":"https:\/\/mksczarnipolaniec.pl\/#organization"},"image":{"@id":"https:\/\/mksczarnipolaniec.pl\/?p=7806#primaryimage"},"thumbnailUrl":"https:\/\/mksczarnipolaniec.pl\/wp-content\/uploads\/2026\/08\/CzarniII-Hubal.png","articleSection":["A-klasa | Grupa III | \u015awi\u0119tokrzyskie","Czarni II Po\u0142aniec"],"inLanguage":"pl-PL"},{"@type":"WebPage","@id":"https:\/\/mksczarnipolaniec.pl\/?p=7806","url":"https:\/\/mksczarnipolaniec.pl\/?p=7806","name":"Czarni II Po\u0142aniec podejm\u0105 Hubal Lin\u00f3w - MKS Czarni Po\u0142aniec","isPartOf":{"@id":"https:\/\/mksczarnipolaniec.pl\/#website"},"primaryImageOfPage":{"@id":"https:\/\/mksczarnipolaniec.pl\/?p=7806#primaryimage"},"image":{"@id":"https:\/\/mksczarnipolaniec.pl\/?p=7806#primaryimage"},"thumbnailUrl":"https:\/\/mksczarnipolaniec.pl\/wp-content\/uploads\/2026\/08\/CzarniII-Hubal.png","datePublished":"2026-08-30T08:08:10+00:00","dateModified":"2026-08-30T08:08:11+00:00","breadcrumb":{"@id":"https:\/\/mksczarnipolaniec.pl\/?p=7806#breadcrumb"},"inLanguage":"pl-PL","potentialAction":[{"@type":"ReadAction","target":["https:\/\/mksczarnipolaniec.pl\/?p=7806"]}]},{"@type":"ImageObject","inLanguage":"pl-PL","@id":"https:\/\/mksczarnipolaniec.pl\/?p=7806#primaryimage","url":"https:\/\/mksczarnipolaniec.pl\/wp-content\/uploads\/2026\/08\/CzarniII-Hubal.png","contentUrl":"https:\/\/mksczarnipolaniec.pl\/wp-content\/uploads\/2026\/08\/CzarniII-Hubal.png","width":1700,"height":1100},{"@type":"BreadcrumbList","@id":"https:\/\/mksczarnipolaniec.pl\/?p=7806#breadcrumb","itemListElement":[{"@type":"ListItem","position":1,"name":"Strona g\u0142\u00f3wna","item":"https:\/\/mksczarnipolaniec.pl\/"},{"@type":"ListItem","position":2,"name":"Czarni II Po\u0142aniec podejm\u0105 Hubal Lin\u00f3w"}]},{"@type":"WebSite","@id":"https:\/\/mksczarnipolaniec.pl\/#website","url":"https:\/\/mksczarnipolaniec.pl\/","name":"Oficjalna strona klubu - MKS Czarni Po\u0142aniec","description":"- Oficjalna Strona Klubu","publisher":{"@id":"https:\/\/mksczarnipolaniec.pl\/#organization"},"potentialAction":[{"@type":"SearchAction","target":{"@type":"EntryPoint","urlTemplate":"https:\/\/mksczarnipolaniec.pl\/?s={search_term_string}"},"query-input":{"@type":"PropertyValueSpecification","valueRequired":true,"valueName":"search_term_string"}}],"inLanguage":"pl-PL"},{"@type":"Organization","@id":"https:\/\/mksczarnipolaniec.pl\/#organization","name":"Oficjalna strona klubu - MKS Czarni Po\u0142aniec","url":"https:\/\/mksczarnipolaniec.pl\/","logo":{"@type":"ImageObject","inLanguage":"pl-PL","@id":"https:\/\/mksczarnipolaniec.pl\/#\/schema\/logo\/image\/","url":"https:\/\/mksczarnipolaniec.pl\/wp-content\/uploads\/1910\/01\/Czarni-Polaniec-1.png","contentUrl":"https:\/\/mksczarnipolaniec.pl\/wp-content\/uploads\/1910\/01\/Czarni-Polaniec-1.png","width":474,"height":512,"caption":"Oficjalna strona klubu - MKS Czarni Po\u0142aniec"},"image":{"@id":"https:\/\/mksczarnipolaniec.pl\/#\/schema\/logo\/image\/"},"sameAs":["https:\/\/www.facebook.com\/czarnipolaniec1948","https:\/\/x.com\/czarnipolaniec"]},{"@type":"Person","@id":"https:\/\/mksczarnipolaniec.pl\/#\/schema\/person\/6c5a8be8f86fe7e60b3d7aeca4cca7f0","name":"Redakcja","image":{"@type":"ImageObject","inLanguage":"pl-PL","@id":"https:\/\/secure.gravatar.com\/avatar\/b02da93292d5fed03f1c9802953622aed1cb75c3d0a7f7ad7ecceae73f23f797?s=96&d=mm&r=g","url":"https:\/\/secure.gravatar.com\/avatar\/b02da93292d5fed03f1c9802953622aed1cb75c3d0a7f7ad7ecceae73f23f797?s=96&d=mm&r=g","contentUrl":"https:\/\/secure.gravatar.com\/avatar\/b02da93292d5fed03f1c9802953622aed1cb75c3d0a7f7ad7ecceae73f23f797?s=96&d=mm&r=g","caption":"Redakcja"},"sameAs":["http:\/\/mksczarnipolaniec.pl"],"url":"https:\/\/mksczarnipolaniec.pl\/?author=1"}]}},"_links":{"self":[{"href":"https:\/\/mksczarnipolaniec.pl\/index.php?rest_route=\/wp\/v2\/posts\/7806","targetHints":{"allow":["GET"]}}],"collection":[{"href":"https:\/\/mksczarnipolaniec.pl\/index.php?rest_route=\/wp\/v2\/posts"}],"about":[{"href":"https:\/\/mksczarnipolaniec.pl\/index.php?rest_route=\/wp\/v2\/types\/post"}],"author":[{"embeddable":true,"href":"https:\/\/mksczarnipolaniec.pl\/index.php?rest_route=\/wp\/v2\/users\/1"}],"replies":[{"embeddable":true,"href":"https:\/\/mksczarnipolaniec.pl\/index.php?rest_route=%2Fwp%2Fv2%2Fcomments&post=7806"}],"version-history":[{"count":1,"href":"https:\/\/mksczarnipolaniec.pl\/index.php?rest_route=\/wp\/v2\/posts\/7806\/revisions"}],"predecessor-version":[{"id":7809,"href":"https:\/\/mksczarnipolaniec.pl\/index.php?rest_route=\/wp\/v2\/posts\/7806\/revisions\/7809"}],"wp:featuredmedia":[{"embeddable":true,"href":"https:\/\/mksczarnipolaniec.pl\/index.php?rest_route=\/wp\/v2\/media\/7808"}],"wp:attachment":[{"href":"https:\/\/mksczarnipolaniec.pl\/index.php?rest_route=%2Fwp%2Fv2%2Fmedia&parent=7806"}],"wp:term":[{"taxonomy":"category","embeddable":true,"href":"https:\/\/mksczarnipolaniec.pl\/index.php?rest_route=%2Fwp%2Fv2%2Fcategories&post=7806"},{"taxonomy":"post_tag","embeddable":true,"href":"https:\/\/mksczarnipolaniec.pl\/index.php?rest_route=%2Fwp%2Fv2%2Ftags&post=7806"}],"curies":[{"name":"wp","href":"https:\/\/api.w.org\/{rel}","templated":true}]}}