{"id":7810,"date":"2026-09-04T07:57:45","date_gmt":"2026-09-04T05:57:45","guid":{"rendered":"https:\/\/mksczarnipolaniec.pl\/?p=7810"},"modified":"2026-09-04T08:05:34","modified_gmt":"2026-09-04T06:05:34","slug":"czarni-ii-polaniec-nie-zwalniaja-efektowne-zwyciestwo-i-fotel-lidera","status":"publish","type":"post","link":"https:\/\/mksczarnipolaniec.pl\/?p=7810","title":{"rendered":"Czarni II Po\u0142aniec nie zwalniaj\u0105! Efektowne zwyci\u0119stwo i fotel lidera!"},"content":{"rendered":"\n<p class=\"wp-block-paragraph\"><strong>Czarni II Po\u0142aniec odnie\u015bli drugie zwyci\u0119stwo w sezonie, pokonuj\u0105c w spotkaniu 2. kolejki Klasy A, grupy III, Hubal Lin\u00f3w a\u017c 9:4!<\/strong>\u00a0Rezerwy Czarnych po dw\u00f3ch kolejkach maj\u0105 komplet punkt\u00f3w i przewodz\u0105 ligowej tabeli.\u00a0<\/p>\n\n\n\n<p class=\"wp-block-paragraph\">Spotkanie od pocz\u0105tku dostarczy\u0142o kibicom ogromnych emocji. Czarni II szybko pokazali, \u017ce tego dnia interesuje ich wy\u0142\u0105cznie zwyci\u0119stwo. Ju\u017c w 10. minucie wynik spotkania otworzy\u0142\u00a0<strong>Zi\u0119ba<\/strong>, a chwil\u0119 p\u00f3\u017aniej na 2:0 podwy\u017cszy\u0142\u00a0<strong>Ta\u0142aj<\/strong>.<\/p>\n\n\n\n<p class=\"wp-block-paragraph\">Mecz nie zwalnia\u0142 tempa, a oba zespo\u0142y stwarza\u0142y kolejne sytuacje bramkowe. Ostatecznie kibice obejrzeli a\u017c\u00a0<strong>13 goli<\/strong>, a spotkanie zako\u0144czy\u0142o si\u0119 efektownym zwyci\u0119stwem naszej dru\u017cyny 9:4.<\/p>\n\n\n\n<p class=\"wp-block-paragraph\">Po przerwie prawdziwy popis strzelecki da\u0142\u00a0<strong>Zi\u0119ba<\/strong>, kt\u00f3ry w drugiej po\u0142owie do\u0142o\u017cy\u0142 a\u017c cztery trafienia, kompletuj\u0105c tego dnia\u00a0<strong>pi\u0119\u0107 bramek<\/strong>! Swoje kolejne gole dorzuci\u0142 r\u00f3wnie\u017c\u00a0<strong>W\u00f3jcik<\/strong>, a wynik spotkania w 86. minucie ustali\u0142\u00a0<strong>Maj<\/strong>.<\/p>\n\n\n\n<h3 class=\"wp-block-heading\">Bramki dla Czarnych II:<\/h3>\n\n\n\n<ul class=\"wp-block-list\">\n<li>10\u2032 \u2013 Zi\u0119ba<\/li>\n\n\n\n<li>12\u2032 \u2013 Ta\u0142aj<\/li>\n\n\n\n<li>65\u2032 \u2013 Zi\u0119ba<\/li>\n\n\n\n<li>67\u2032 \u2013 Zi\u0119ba<\/li>\n\n\n\n<li>69\u2032 \u2013 W\u00f3jcik<\/li>\n\n\n\n<li>71\u2032 \u2013 W\u00f3jcik<\/li>\n\n\n\n<li>75\u2032 \u2013 Zi\u0119ba<\/li>\n\n\n\n<li>84\u2032 \u2013 Zi\u0119ba<\/li>\n\n\n\n<li>86\u2032 \u2013 Maj<\/li>\n<\/ul>\n\n\n\n<p class=\"wp-block-paragraph\"><strong>Czarni II Po\u0142aniec \u2013 Hubal Lin\u00f3w 9:4<\/strong>\u00a0<\/p>\n\n\n\n<p class=\"wp-block-paragraph\">Drugie spotkanie, drugie zwyci\u0119stwo i\u00a0<strong>komplet 6 punkt\u00f3w<\/strong>\u00a0na koncie. Dzi\u0119ki \u015bwietnemu bilansowi bramkowemu rezerwy Czarnych po dw\u00f3ch kolejkach zajmuj\u0105\u00a0<strong>1. miejsce w tabeli Klasy A, grupy III<\/strong>.<\/p>\n\n\n<div class=\"wp-block-image\">\n<figure class=\"aligncenter size-large\"><img loading=\"lazy\" decoding=\"async\" width=\"1024\" height=\"181\" src=\"http:\/\/mksczarnipolaniec.pl\/wp-content\/uploads\/2026\/08\/BELKA-SPONSORZY-CZARNI-1024x181.png\" alt=\"\" class=\"wp-image-7784\" srcset=\"https:\/\/mksczarnipolaniec.pl\/wp-content\/uploads\/2026\/08\/BELKA-SPONSORZY-CZARNI-1024x181.png 1024w, https:\/\/mksczarnipolaniec.pl\/wp-content\/uploads\/2026\/08\/BELKA-SPONSORZY-CZARNI-300x53.png 300w, https:\/\/mksczarnipolaniec.pl\/wp-content\/uploads\/2026\/08\/BELKA-SPONSORZY-CZARNI-768x136.png 768w, https:\/\/mksczarnipolaniec.pl\/wp-content\/uploads\/2026\/08\/BELKA-SPONSORZY-CZARNI-1536x271.png 1536w, https:\/\/mksczarnipolaniec.pl\/wp-content\/uploads\/2026\/08\/BELKA-SPONSORZY-CZARNI-128x23.png 128w, https:\/\/mksczarnipolaniec.pl\/wp-content\/uploads\/2026\/08\/BELKA-SPONSORZY-CZARNI-32x6.png 32w, https:\/\/mksczarnipolaniec.pl\/wp-content\/uploads\/2026\/08\/BELKA-SPONSORZY-CZARNI-1110x196.png 1110w, https:\/\/mksczarnipolaniec.pl\/wp-content\/uploads\/2026\/08\/BELKA-SPONSORZY-CZARNI-1140x201.png 1140w, https:\/\/mksczarnipolaniec.pl\/wp-content\/uploads\/2026\/08\/BELKA-SPONSORZY-CZARNI-200x35.png 200w, https:\/\/mksczarnipolaniec.pl\/wp-content\/uploads\/2026\/08\/BELKA-SPONSORZY-CZARNI-450x79.png 450w, https:\/\/mksczarnipolaniec.pl\/wp-content\/uploads\/2026\/08\/BELKA-SPONSORZY-CZARNI-600x106.png 600w, https:\/\/mksczarnipolaniec.pl\/wp-content\/uploads\/2026\/08\/BELKA-SPONSORZY-CZARNI.png 1700w\" sizes=\"auto, (max-width: 1024px) 100vw, 1024px\" \/><\/figure>\n<\/div>","protected":false},"excerpt":{"rendered":"<p>Czarni II Po\u0142aniec odnie\u015bli drugie zwyci\u0119stwo w sezonie, pokonuj\u0105c w spotkaniu 2. kolejki Klasy A, grupy III, Hubal Lin\u00f3w a\u017c 9:4!\u00a0Rezerwy Czarnych po dw\u00f3ch kolejkach maj\u0105 komplet punkt\u00f3w i przewodz\u0105&#8230;<\/p>\n","protected":false},"author":1,"featured_media":7808,"comment_status":"closed","ping_status":"closed","sticky":false,"template":"","format":"standard","meta":{"two_page_speed":[],"footnotes":""},"categories":[575,1,574],"tags":[],"class_list":["post-7810","post","type-post","status-publish","format-standard","has-post-thumbnail","hentry","category-a-klasa-grupa-iii-swietokrzyskie","category-bez-kategorii","category-mks-czarni-ii-polaniec"],"yoast_head":"<!-- This site is optimized with the Yoast SEO plugin v27.8 - https:\/\/yoast.com\/product\/yoast-seo-wordpress\/ -->\n<title>Czarni II Po\u0142aniec nie zwalniaj\u0105! Efektowne zwyci\u0119stwo i fotel lidera! - MKS Czarni Po\u0142aniec<\/title>\n<meta name=\"robots\" content=\"index, follow, max-snippet:-1, max-image-preview:large, max-video-preview:-1\" \/>\n<link rel=\"canonical\" href=\"https:\/\/mksczarnipolaniec.pl\/?p=7810\" \/>\n<meta property=\"og:locale\" content=\"pl_PL\" \/>\n<meta property=\"og:type\" content=\"article\" \/>\n<meta property=\"og:title\" content=\"Czarni II Po\u0142aniec nie zwalniaj\u0105! Efektowne zwyci\u0119stwo i fotel lidera! - MKS Czarni Po\u0142aniec\" \/>\n<meta property=\"og:description\" content=\"Czarni II Po\u0142aniec odnie\u015bli drugie zwyci\u0119stwo w sezonie, pokonuj\u0105c w spotkaniu 2. kolejki Klasy A, grupy III, Hubal Lin\u00f3w a\u017c 9:4!\u00a0Rezerwy Czarnych po dw\u00f3ch kolejkach maj\u0105 komplet punkt\u00f3w i przewodz\u0105...\" \/>\n<meta property=\"og:url\" content=\"https:\/\/mksczarnipolaniec.pl\/?p=7810\" \/>\n<meta property=\"og:site_name\" content=\"MKS Czarni Po\u0142aniec\" \/>\n<meta property=\"article:publisher\" content=\"https:\/\/www.facebook.com\/czarnipolaniec1948\" \/>\n<meta property=\"article:published_time\" content=\"2026-09-04T05:57:45+00:00\" \/>\n<meta property=\"article:modified_time\" content=\"2026-09-04T06:05:34+00:00\" \/>\n<meta property=\"og:image\" content=\"https:\/\/mksczarnipolaniec.pl\/wp-content\/uploads\/2026\/08\/CzarniII-Hubal.png\" \/>\n\t<meta property=\"og:image:width\" content=\"1700\" \/>\n\t<meta property=\"og:image:height\" content=\"1100\" \/>\n\t<meta property=\"og:image:type\" content=\"image\/png\" \/>\n<meta name=\"author\" content=\"Redakcja\" \/>\n<meta name=\"twitter:card\" content=\"summary_large_image\" \/>\n<meta name=\"twitter:creator\" content=\"@czarnipolaniec\" \/>\n<meta name=\"twitter:site\" content=\"@czarnipolaniec\" \/>\n<meta name=\"twitter:label1\" content=\"Napisane przez\" \/>\n\t<meta name=\"twitter:data1\" content=\"Redakcja\" \/>\n\t<meta name=\"twitter:label2\" content=\"Szacowany czas czytania\" \/>\n\t<meta name=\"twitter:data2\" content=\"2 minuty\" \/>\n<script type=\"application\/ld+json\" class=\"yoast-schema-graph\">{\"@context\":\"https:\\\/\\\/schema.org\",\"@graph\":[{\"@type\":\"Article\",\"@id\":\"https:\\\/\\\/mksczarnipolaniec.pl\\\/?p=7810#article\",\"isPartOf\":{\"@id\":\"https:\\\/\\\/mksczarnipolaniec.pl\\\/?p=7810\"},\"author\":{\"name\":\"Redakcja\",\"@id\":\"http:\\\/\\\/mksczarnipolaniec.pl\\\/#\\\/schema\\\/person\\\/6c5a8be8f86fe7e60b3d7aeca4cca7f0\"},\"headline\":\"Czarni II Po\u0142aniec nie zwalniaj\u0105! Efektowne zwyci\u0119stwo i fotel lidera!\",\"datePublished\":\"2026-09-04T05:57:45+00:00\",\"dateModified\":\"2026-09-04T06:05:34+00:00\",\"mainEntityOfPage\":{\"@id\":\"https:\\\/\\\/mksczarnipolaniec.pl\\\/?p=7810\"},\"wordCount\":224,\"publisher\":{\"@id\":\"http:\\\/\\\/mksczarnipolaniec.pl\\\/#organization\"},\"image\":{\"@id\":\"https:\\\/\\\/mksczarnipolaniec.pl\\\/?p=7810#primaryimage\"},\"thumbnailUrl\":\"https:\\\/\\\/mksczarnipolaniec.pl\\\/wp-content\\\/uploads\\\/2026\\\/08\\\/CzarniII-Hubal.png\",\"articleSection\":{\"0\":\"A-klasa | Grupa III | \u015awi\u0119tokrzyskie\",\"2\":\"MKS Czarni II Po\u0142aniec\"},\"inLanguage\":\"pl-PL\"},{\"@type\":\"WebPage\",\"@id\":\"https:\\\/\\\/mksczarnipolaniec.pl\\\/?p=7810\",\"url\":\"https:\\\/\\\/mksczarnipolaniec.pl\\\/?p=7810\",\"name\":\"Czarni II Po\u0142aniec nie zwalniaj\u0105! Efektowne zwyci\u0119stwo i fotel lidera! - MKS Czarni Po\u0142aniec\",\"isPartOf\":{\"@id\":\"http:\\\/\\\/mksczarnipolaniec.pl\\\/#website\"},\"primaryImageOfPage\":{\"@id\":\"https:\\\/\\\/mksczarnipolaniec.pl\\\/?p=7810#primaryimage\"},\"image\":{\"@id\":\"https:\\\/\\\/mksczarnipolaniec.pl\\\/?p=7810#primaryimage\"},\"thumbnailUrl\":\"https:\\\/\\\/mksczarnipolaniec.pl\\\/wp-content\\\/uploads\\\/2026\\\/08\\\/CzarniII-Hubal.png\",\"datePublished\":\"2026-09-04T05:57:45+00:00\",\"dateModified\":\"2026-09-04T06:05:34+00:00\",\"breadcrumb\":{\"@id\":\"https:\\\/\\\/mksczarnipolaniec.pl\\\/?p=7810#breadcrumb\"},\"inLanguage\":\"pl-PL\",\"potentialAction\":[{\"@type\":\"ReadAction\",\"target\":[\"https:\\\/\\\/mksczarnipolaniec.pl\\\/?p=7810\"]}]},{\"@type\":\"ImageObject\",\"inLanguage\":\"pl-PL\",\"@id\":\"https:\\\/\\\/mksczarnipolaniec.pl\\\/?p=7810#primaryimage\",\"url\":\"https:\\\/\\\/mksczarnipolaniec.pl\\\/wp-content\\\/uploads\\\/2026\\\/08\\\/CzarniII-Hubal.png\",\"contentUrl\":\"https:\\\/\\\/mksczarnipolaniec.pl\\\/wp-content\\\/uploads\\\/2026\\\/08\\\/CzarniII-Hubal.png\",\"width\":1700,\"height\":1100},{\"@type\":\"BreadcrumbList\",\"@id\":\"https:\\\/\\\/mksczarnipolaniec.pl\\\/?p=7810#breadcrumb\",\"itemListElement\":[{\"@type\":\"ListItem\",\"position\":1,\"name\":\"Strona g\u0142\u00f3wna\",\"item\":\"http:\\\/\\\/mksczarnipolaniec.pl\\\/\"},{\"@type\":\"ListItem\",\"position\":2,\"name\":\"Czarni II Po\u0142aniec nie zwalniaj\u0105! Efektowne zwyci\u0119stwo i fotel lidera!\"}]},{\"@type\":\"WebSite\",\"@id\":\"http:\\\/\\\/mksczarnipolaniec.pl\\\/#website\",\"url\":\"http:\\\/\\\/mksczarnipolaniec.pl\\\/\",\"name\":\"Oficjalna strona klubu - MKS Czarni Po\u0142aniec\",\"description\":\"- Oficjalna Strona Klubu\",\"publisher\":{\"@id\":\"http:\\\/\\\/mksczarnipolaniec.pl\\\/#organization\"},\"potentialAction\":[{\"@type\":\"SearchAction\",\"target\":{\"@type\":\"EntryPoint\",\"urlTemplate\":\"http:\\\/\\\/mksczarnipolaniec.pl\\\/?s={search_term_string}\"},\"query-input\":{\"@type\":\"PropertyValueSpecification\",\"valueRequired\":true,\"valueName\":\"search_term_string\"}}],\"inLanguage\":\"pl-PL\"},{\"@type\":\"Organization\",\"@id\":\"http:\\\/\\\/mksczarnipolaniec.pl\\\/#organization\",\"name\":\"Oficjalna strona klubu - MKS Czarni Po\u0142aniec\",\"url\":\"http:\\\/\\\/mksczarnipolaniec.pl\\\/\",\"logo\":{\"@type\":\"ImageObject\",\"inLanguage\":\"pl-PL\",\"@id\":\"http:\\\/\\\/mksczarnipolaniec.pl\\\/#\\\/schema\\\/logo\\\/image\\\/\",\"url\":\"https:\\\/\\\/mksczarnipolaniec.pl\\\/wp-content\\\/uploads\\\/1910\\\/01\\\/Czarni-Polaniec-1.png\",\"contentUrl\":\"https:\\\/\\\/mksczarnipolaniec.pl\\\/wp-content\\\/uploads\\\/1910\\\/01\\\/Czarni-Polaniec-1.png\",\"width\":474,\"height\":512,\"caption\":\"Oficjalna strona klubu - MKS Czarni Po\u0142aniec\"},\"image\":{\"@id\":\"http:\\\/\\\/mksczarnipolaniec.pl\\\/#\\\/schema\\\/logo\\\/image\\\/\"},\"sameAs\":[\"https:\\\/\\\/www.facebook.com\\\/czarnipolaniec1948\",\"https:\\\/\\\/x.com\\\/czarnipolaniec\"]},{\"@type\":\"Person\",\"@id\":\"http:\\\/\\\/mksczarnipolaniec.pl\\\/#\\\/schema\\\/person\\\/6c5a8be8f86fe7e60b3d7aeca4cca7f0\",\"name\":\"Redakcja\",\"image\":{\"@type\":\"ImageObject\",\"inLanguage\":\"pl-PL\",\"@id\":\"https:\\\/\\\/secure.gravatar.com\\\/avatar\\\/b02da93292d5fed03f1c9802953622aed1cb75c3d0a7f7ad7ecceae73f23f797?s=96&d=mm&r=g\",\"url\":\"https:\\\/\\\/secure.gravatar.com\\\/avatar\\\/b02da93292d5fed03f1c9802953622aed1cb75c3d0a7f7ad7ecceae73f23f797?s=96&d=mm&r=g\",\"contentUrl\":\"https:\\\/\\\/secure.gravatar.com\\\/avatar\\\/b02da93292d5fed03f1c9802953622aed1cb75c3d0a7f7ad7ecceae73f23f797?s=96&d=mm&r=g\",\"caption\":\"Redakcja\"},\"sameAs\":[\"http:\\\/\\\/mksczarnipolaniec.pl\"],\"url\":\"https:\\\/\\\/mksczarnipolaniec.pl\\\/?author=1\"}]}<\/script>\n<!-- \/ Yoast SEO plugin. -->","yoast_head_json":{"title":"Czarni II Po\u0142aniec nie zwalniaj\u0105! Efektowne zwyci\u0119stwo i fotel lidera! - MKS Czarni Po\u0142aniec","robots":{"index":"index","follow":"follow","max-snippet":"max-snippet:-1","max-image-preview":"max-image-preview:large","max-video-preview":"max-video-preview:-1"},"canonical":"https:\/\/mksczarnipolaniec.pl\/?p=7810","og_locale":"pl_PL","og_type":"article","og_title":"Czarni II Po\u0142aniec nie zwalniaj\u0105! Efektowne zwyci\u0119stwo i fotel lidera! - MKS Czarni Po\u0142aniec","og_description":"Czarni II Po\u0142aniec odnie\u015bli drugie zwyci\u0119stwo w sezonie, pokonuj\u0105c w spotkaniu 2. kolejki Klasy A, grupy III, Hubal Lin\u00f3w a\u017c 9:4!\u00a0Rezerwy Czarnych po dw\u00f3ch kolejkach maj\u0105 komplet punkt\u00f3w i przewodz\u0105...","og_url":"https:\/\/mksczarnipolaniec.pl\/?p=7810","og_site_name":"MKS Czarni Po\u0142aniec","article_publisher":"https:\/\/www.facebook.com\/czarnipolaniec1948","article_published_time":"2026-09-04T05:57:45+00:00","article_modified_time":"2026-09-04T06:05:34+00:00","og_image":[{"width":1700,"height":1100,"url":"https:\/\/mksczarnipolaniec.pl\/wp-content\/uploads\/2026\/08\/CzarniII-Hubal.png","type":"image\/png"}],"author":"Redakcja","twitter_card":"summary_large_image","twitter_creator":"@czarnipolaniec","twitter_site":"@czarnipolaniec","twitter_misc":{"Napisane przez":"Redakcja","Szacowany czas czytania":"2 minuty"},"schema":{"@context":"https:\/\/schema.org","@graph":[{"@type":"Article","@id":"https:\/\/mksczarnipolaniec.pl\/?p=7810#article","isPartOf":{"@id":"https:\/\/mksczarnipolaniec.pl\/?p=7810"},"author":{"name":"Redakcja","@id":"http:\/\/mksczarnipolaniec.pl\/#\/schema\/person\/6c5a8be8f86fe7e60b3d7aeca4cca7f0"},"headline":"Czarni II Po\u0142aniec nie zwalniaj\u0105! Efektowne zwyci\u0119stwo i fotel lidera!","datePublished":"2026-09-04T05:57:45+00:00","dateModified":"2026-09-04T06:05:34+00:00","mainEntityOfPage":{"@id":"https:\/\/mksczarnipolaniec.pl\/?p=7810"},"wordCount":224,"publisher":{"@id":"http:\/\/mksczarnipolaniec.pl\/#organization"},"image":{"@id":"https:\/\/mksczarnipolaniec.pl\/?p=7810#primaryimage"},"thumbnailUrl":"https:\/\/mksczarnipolaniec.pl\/wp-content\/uploads\/2026\/08\/CzarniII-Hubal.png","articleSection":{"0":"A-klasa | Grupa III | \u015awi\u0119tokrzyskie","2":"MKS Czarni II Po\u0142aniec"},"inLanguage":"pl-PL"},{"@type":"WebPage","@id":"https:\/\/mksczarnipolaniec.pl\/?p=7810","url":"https:\/\/mksczarnipolaniec.pl\/?p=7810","name":"Czarni II Po\u0142aniec nie zwalniaj\u0105! Efektowne zwyci\u0119stwo i fotel lidera! - MKS Czarni Po\u0142aniec","isPartOf":{"@id":"http:\/\/mksczarnipolaniec.pl\/#website"},"primaryImageOfPage":{"@id":"https:\/\/mksczarnipolaniec.pl\/?p=7810#primaryimage"},"image":{"@id":"https:\/\/mksczarnipolaniec.pl\/?p=7810#primaryimage"},"thumbnailUrl":"https:\/\/mksczarnipolaniec.pl\/wp-content\/uploads\/2026\/08\/CzarniII-Hubal.png","datePublished":"2026-09-04T05:57:45+00:00","dateModified":"2026-09-04T06:05:34+00:00","breadcrumb":{"@id":"https:\/\/mksczarnipolaniec.pl\/?p=7810#breadcrumb"},"inLanguage":"pl-PL","potentialAction":[{"@type":"ReadAction","target":["https:\/\/mksczarnipolaniec.pl\/?p=7810"]}]},{"@type":"ImageObject","inLanguage":"pl-PL","@id":"https:\/\/mksczarnipolaniec.pl\/?p=7810#primaryimage","url":"https:\/\/mksczarnipolaniec.pl\/wp-content\/uploads\/2026\/08\/CzarniII-Hubal.png","contentUrl":"https:\/\/mksczarnipolaniec.pl\/wp-content\/uploads\/2026\/08\/CzarniII-Hubal.png","width":1700,"height":1100},{"@type":"BreadcrumbList","@id":"https:\/\/mksczarnipolaniec.pl\/?p=7810#breadcrumb","itemListElement":[{"@type":"ListItem","position":1,"name":"Strona g\u0142\u00f3wna","item":"http:\/\/mksczarnipolaniec.pl\/"},{"@type":"ListItem","position":2,"name":"Czarni II Po\u0142aniec nie zwalniaj\u0105! Efektowne zwyci\u0119stwo i fotel lidera!"}]},{"@type":"WebSite","@id":"http:\/\/mksczarnipolaniec.pl\/#website","url":"http:\/\/mksczarnipolaniec.pl\/","name":"Oficjalna strona klubu - MKS Czarni Po\u0142aniec","description":"- Oficjalna Strona Klubu","publisher":{"@id":"http:\/\/mksczarnipolaniec.pl\/#organization"},"potentialAction":[{"@type":"SearchAction","target":{"@type":"EntryPoint","urlTemplate":"http:\/\/mksczarnipolaniec.pl\/?s={search_term_string}"},"query-input":{"@type":"PropertyValueSpecification","valueRequired":true,"valueName":"search_term_string"}}],"inLanguage":"pl-PL"},{"@type":"Organization","@id":"http:\/\/mksczarnipolaniec.pl\/#organization","name":"Oficjalna strona klubu - MKS Czarni Po\u0142aniec","url":"http:\/\/mksczarnipolaniec.pl\/","logo":{"@type":"ImageObject","inLanguage":"pl-PL","@id":"http:\/\/mksczarnipolaniec.pl\/#\/schema\/logo\/image\/","url":"https:\/\/mksczarnipolaniec.pl\/wp-content\/uploads\/1910\/01\/Czarni-Polaniec-1.png","contentUrl":"https:\/\/mksczarnipolaniec.pl\/wp-content\/uploads\/1910\/01\/Czarni-Polaniec-1.png","width":474,"height":512,"caption":"Oficjalna strona klubu - MKS Czarni Po\u0142aniec"},"image":{"@id":"http:\/\/mksczarnipolaniec.pl\/#\/schema\/logo\/image\/"},"sameAs":["https:\/\/www.facebook.com\/czarnipolaniec1948","https:\/\/x.com\/czarnipolaniec"]},{"@type":"Person","@id":"http:\/\/mksczarnipolaniec.pl\/#\/schema\/person\/6c5a8be8f86fe7e60b3d7aeca4cca7f0","name":"Redakcja","image":{"@type":"ImageObject","inLanguage":"pl-PL","@id":"https:\/\/secure.gravatar.com\/avatar\/b02da93292d5fed03f1c9802953622aed1cb75c3d0a7f7ad7ecceae73f23f797?s=96&d=mm&r=g","url":"https:\/\/secure.gravatar.com\/avatar\/b02da93292d5fed03f1c9802953622aed1cb75c3d0a7f7ad7ecceae73f23f797?s=96&d=mm&r=g","contentUrl":"https:\/\/secure.gravatar.com\/avatar\/b02da93292d5fed03f1c9802953622aed1cb75c3d0a7f7ad7ecceae73f23f797?s=96&d=mm&r=g","caption":"Redakcja"},"sameAs":["http:\/\/mksczarnipolaniec.pl"],"url":"https:\/\/mksczarnipolaniec.pl\/?author=1"}]}},"_links":{"self":[{"href":"https:\/\/mksczarnipolaniec.pl\/index.php?rest_route=\/wp\/v2\/posts\/7810","targetHints":{"allow":["GET"]}}],"collection":[{"href":"https:\/\/mksczarnipolaniec.pl\/index.php?rest_route=\/wp\/v2\/posts"}],"about":[{"href":"https:\/\/mksczarnipolaniec.pl\/index.php?rest_route=\/wp\/v2\/types\/post"}],"author":[{"embeddable":true,"href":"https:\/\/mksczarnipolaniec.pl\/index.php?rest_route=\/wp\/v2\/users\/1"}],"replies":[{"embeddable":true,"href":"https:\/\/mksczarnipolaniec.pl\/index.php?rest_route=%2Fwp%2Fv2%2Fcomments&post=7810"}],"version-history":[{"count":1,"href":"https:\/\/mksczarnipolaniec.pl\/index.php?rest_route=\/wp\/v2\/posts\/7810\/revisions"}],"predecessor-version":[{"id":7811,"href":"https:\/\/mksczarnipolaniec.pl\/index.php?rest_route=\/wp\/v2\/posts\/7810\/revisions\/7811"}],"wp:featuredmedia":[{"embeddable":true,"href":"https:\/\/mksczarnipolaniec.pl\/index.php?rest_route=\/wp\/v2\/media\/7808"}],"wp:attachment":[{"href":"https:\/\/mksczarnipolaniec.pl\/index.php?rest_route=%2Fwp%2Fv2%2Fmedia&parent=7810"}],"wp:term":[{"taxonomy":"category","embeddable":true,"href":"https:\/\/mksczarnipolaniec.pl\/index.php?rest_route=%2Fwp%2Fv2%2Fcategories&post=7810"},{"taxonomy":"post_tag","embeddable":true,"href":"https:\/\/mksczarnipolaniec.pl\/index.php?rest_route=%2Fwp%2Fv2%2Ftags&post=7810"}],"curies":[{"name":"wp","href":"https:\/\/api.w.org\/{rel}","templated":true}]}}