{"id":7812,"date":"2026-09-04T08:03:37","date_gmt":"2026-09-04T06:03:37","guid":{"rendered":"https:\/\/mksczarnipolaniec.pl\/?p=7812"},"modified":"2026-09-04T08:03:58","modified_gmt":"2026-09-04T06:03:58","slug":"znamy-rywala-czarnych-ii-polaniec-w-iii-rundzie-pucharu-polski","status":"publish","type":"post","link":"https:\/\/mksczarnipolaniec.pl\/?p=7812","title":{"rendered":"Znamy rywala Czarnych II Po\u0142aniec w III rundzie Pucharu Polski!"},"content":{"rendered":"\n<p class=\"wp-block-paragraph\"><strong>Rezerwy Czarnych Po\u0142aniec pozna\u0142y swojego przeciwnika w III rundzie Chemar Ruroci\u0105gi Pucharu Polski.<\/strong>\u00a0W kolejnej fazie rozgrywek Czarni II Po\u0142aniec zmierz\u0105 si\u0119 z\u00a0<strong>LZS Samborzec<\/strong>.<\/p>\n\n\n\n<p class=\"wp-block-paragraph\">Losowanie III rundy przynios\u0142o naszej dru\u017cynie rywala, z kt\u00f3rym przyjdzie jej walczy\u0107 o awans do kolejnego etapu pucharowych zmaga\u0144. Spotkanie zapowiada si\u0119 interesuj\u0105co, a dla rezerw Czarnych b\u0119dzie to kolejna okazja do sprawdzenia swoich mo\u017cliwo\u015bci na tle wymagaj\u0105cego przeciwnika.<\/p>\n\n\n\n<p class=\"wp-block-paragraph\">Mecze III rundy\u00a0<strong>Chemar Ruroci\u0105gi Pucharu Polski<\/strong>\u00a0zosta\u0142y zaplanowane na\u00a0<strong>9 i 16 wrze\u015bnia<\/strong>. Dok\u0142adny termin oraz miejsce rozegrania spotkania Czarnych II Po\u0142aniec zostan\u0105 podane w p\u00f3\u017aniejszym terminie.<\/p>\n\n\n\n<p class=\"wp-block-paragraph\">Czy rezerwy Czarnych zamelduj\u0105 si\u0119 w kolejnej rundzie? O tym przekonamy si\u0119 ju\u017c we wrze\u015bniu!<\/p>\n\n\n\n<p class=\"wp-block-paragraph\"><strong>Trzymamy kciuki za Czarnych II Po\u0142aniec i liczymy na kolejny pucharowy awans!<\/strong><\/p>\n\n\n<div class=\"wp-block-image\">\n<figure class=\"aligncenter size-large\"><img loading=\"lazy\" decoding=\"async\" width=\"819\" height=\"1024\" src=\"https:\/\/mksczarnipolaniec.pl\/wp-content\/uploads\/2026\/09\/IIIrundapp2026-819x1024.png\" alt=\"\" class=\"wp-image-7813\" srcset=\"https:\/\/mksczarnipolaniec.pl\/wp-content\/uploads\/2026\/09\/IIIrundapp2026-819x1024.png 819w, https:\/\/mksczarnipolaniec.pl\/wp-content\/uploads\/2026\/09\/IIIrundapp2026-240x300.png 240w, https:\/\/mksczarnipolaniec.pl\/wp-content\/uploads\/2026\/09\/IIIrundapp2026-768x960.png 768w, https:\/\/mksczarnipolaniec.pl\/wp-content\/uploads\/2026\/09\/IIIrundapp2026-102x128.png 102w, https:\/\/mksczarnipolaniec.pl\/wp-content\/uploads\/2026\/09\/IIIrundapp2026-26x32.png 26w, https:\/\/mksczarnipolaniec.pl\/wp-content\/uploads\/2026\/09\/IIIrundapp2026-480x600.png 480w, https:\/\/mksczarnipolaniec.pl\/wp-content\/uploads\/2026\/09\/IIIrundapp2026-912x1140.png 912w, https:\/\/mksczarnipolaniec.pl\/wp-content\/uploads\/2026\/09\/IIIrundapp2026-160x200.png 160w, https:\/\/mksczarnipolaniec.pl\/wp-content\/uploads\/2026\/09\/IIIrundapp2026-360x450.png 360w, https:\/\/mksczarnipolaniec.pl\/wp-content\/uploads\/2026\/09\/IIIrundapp2026.png 1080w\" sizes=\"auto, (max-width: 819px) 100vw, 819px\" \/><\/figure>\n<\/div>\n\n<div class=\"wp-block-image\">\n<figure class=\"aligncenter size-large\"><img loading=\"lazy\" decoding=\"async\" width=\"1024\" height=\"181\" src=\"http:\/\/mksczarnipolaniec.pl\/wp-content\/uploads\/2026\/08\/BELKA-SPONSORZY-CZARNI-1024x181.png\" alt=\"\" class=\"wp-image-7784\" srcset=\"https:\/\/mksczarnipolaniec.pl\/wp-content\/uploads\/2026\/08\/BELKA-SPONSORZY-CZARNI-1024x181.png 1024w, https:\/\/mksczarnipolaniec.pl\/wp-content\/uploads\/2026\/08\/BELKA-SPONSORZY-CZARNI-300x53.png 300w, https:\/\/mksczarnipolaniec.pl\/wp-content\/uploads\/2026\/08\/BELKA-SPONSORZY-CZARNI-768x136.png 768w, https:\/\/mksczarnipolaniec.pl\/wp-content\/uploads\/2026\/08\/BELKA-SPONSORZY-CZARNI-1536x271.png 1536w, https:\/\/mksczarnipolaniec.pl\/wp-content\/uploads\/2026\/08\/BELKA-SPONSORZY-CZARNI-128x23.png 128w, https:\/\/mksczarnipolaniec.pl\/wp-content\/uploads\/2026\/08\/BELKA-SPONSORZY-CZARNI-32x6.png 32w, https:\/\/mksczarnipolaniec.pl\/wp-content\/uploads\/2026\/08\/BELKA-SPONSORZY-CZARNI-1110x196.png 1110w, https:\/\/mksczarnipolaniec.pl\/wp-content\/uploads\/2026\/08\/BELKA-SPONSORZY-CZARNI-1140x201.png 1140w, https:\/\/mksczarnipolaniec.pl\/wp-content\/uploads\/2026\/08\/BELKA-SPONSORZY-CZARNI-200x35.png 200w, https:\/\/mksczarnipolaniec.pl\/wp-content\/uploads\/2026\/08\/BELKA-SPONSORZY-CZARNI-450x79.png 450w, https:\/\/mksczarnipolaniec.pl\/wp-content\/uploads\/2026\/08\/BELKA-SPONSORZY-CZARNI-600x106.png 600w, https:\/\/mksczarnipolaniec.pl\/wp-content\/uploads\/2026\/08\/BELKA-SPONSORZY-CZARNI.png 1700w\" sizes=\"auto, (max-width: 1024px) 100vw, 1024px\" \/><\/figure>\n<\/div>","protected":false},"excerpt":{"rendered":"<p>Rezerwy Czarnych Po\u0142aniec pozna\u0142y swojego przeciwnika w III rundzie Chemar Ruroci\u0105gi Pucharu Polski.\u00a0W kolejnej fazie rozgrywek Czarni II Po\u0142aniec zmierz\u0105 si\u0119 z\u00a0LZS Samborzec. Losowanie III rundy przynios\u0142o naszej dru\u017cynie rywala,&#8230;<\/p>\n","protected":false},"author":1,"featured_media":7776,"comment_status":"closed","ping_status":"closed","sticky":false,"template":"","format":"standard","meta":{"two_page_speed":[],"footnotes":""},"categories":[578,574,188],"tags":[],"class_list":["post-7812","post","type-post","status-publish","format-standard","has-post-thumbnail","hentry","category-czarni-ii-polaniec","category-mks-czarni-ii-polaniec","category-okregowy-puchar-polski"],"yoast_head":"<!-- This site is optimized with the Yoast SEO plugin v27.8 - https:\/\/yoast.com\/product\/yoast-seo-wordpress\/ -->\n<title>Znamy rywala Czarnych II Po\u0142aniec w III rundzie Pucharu Polski! - MKS Czarni Po\u0142aniec<\/title>\n<meta name=\"robots\" content=\"index, follow, max-snippet:-1, max-image-preview:large, max-video-preview:-1\" \/>\n<link rel=\"canonical\" href=\"https:\/\/mksczarnipolaniec.pl\/?p=7812\" \/>\n<meta property=\"og:locale\" content=\"pl_PL\" \/>\n<meta property=\"og:type\" content=\"article\" \/>\n<meta property=\"og:title\" content=\"Znamy rywala Czarnych II Po\u0142aniec w III rundzie Pucharu Polski! - MKS Czarni Po\u0142aniec\" \/>\n<meta property=\"og:description\" content=\"Rezerwy Czarnych Po\u0142aniec pozna\u0142y swojego przeciwnika w III rundzie Chemar Ruroci\u0105gi Pucharu Polski.\u00a0W kolejnej fazie rozgrywek Czarni II Po\u0142aniec zmierz\u0105 si\u0119 z\u00a0LZS Samborzec. Losowanie III rundy przynios\u0142o naszej dru\u017cynie rywala,...\" \/>\n<meta property=\"og:url\" content=\"https:\/\/mksczarnipolaniec.pl\/?p=7812\" \/>\n<meta property=\"og:site_name\" content=\"MKS Czarni Po\u0142aniec\" \/>\n<meta property=\"article:publisher\" content=\"https:\/\/www.facebook.com\/czarnipolaniec1948\" \/>\n<meta property=\"article:published_time\" content=\"2026-09-04T06:03:37+00:00\" \/>\n<meta property=\"article:modified_time\" content=\"2026-09-04T06:03:58+00:00\" \/>\n<meta property=\"og:image\" content=\"https:\/\/mksczarnipolaniec.pl\/wp-content\/uploads\/2026\/08\/777867251_4419871441594401_2803558975040541084_n.png.jpeg\" \/>\n\t<meta property=\"og:image:width\" content=\"2048\" \/>\n\t<meta property=\"og:image:height\" content=\"1365\" \/>\n\t<meta property=\"og:image:type\" content=\"image\/jpeg\" \/>\n<meta name=\"author\" content=\"Redakcja\" \/>\n<meta name=\"twitter:card\" content=\"summary_large_image\" \/>\n<meta name=\"twitter:creator\" content=\"@czarnipolaniec\" \/>\n<meta name=\"twitter:site\" content=\"@czarnipolaniec\" \/>\n<meta name=\"twitter:label1\" content=\"Napisane przez\" \/>\n\t<meta name=\"twitter:data1\" content=\"Redakcja\" \/>\n\t<meta name=\"twitter:label2\" content=\"Szacowany czas czytania\" \/>\n\t<meta name=\"twitter:data2\" content=\"2 minuty\" \/>\n<script type=\"application\/ld+json\" class=\"yoast-schema-graph\">{\"@context\":\"https:\\\/\\\/schema.org\",\"@graph\":[{\"@type\":\"Article\",\"@id\":\"https:\\\/\\\/mksczarnipolaniec.pl\\\/?p=7812#article\",\"isPartOf\":{\"@id\":\"https:\\\/\\\/mksczarnipolaniec.pl\\\/?p=7812\"},\"author\":{\"name\":\"Redakcja\",\"@id\":\"http:\\\/\\\/mksczarnipolaniec.pl\\\/#\\\/schema\\\/person\\\/6c5a8be8f86fe7e60b3d7aeca4cca7f0\"},\"headline\":\"Znamy rywala Czarnych II Po\u0142aniec w III rundzie Pucharu Polski!\",\"datePublished\":\"2026-09-04T06:03:37+00:00\",\"dateModified\":\"2026-09-04T06:03:58+00:00\",\"mainEntityOfPage\":{\"@id\":\"https:\\\/\\\/mksczarnipolaniec.pl\\\/?p=7812\"},\"wordCount\":153,\"publisher\":{\"@id\":\"http:\\\/\\\/mksczarnipolaniec.pl\\\/#organization\"},\"image\":{\"@id\":\"https:\\\/\\\/mksczarnipolaniec.pl\\\/?p=7812#primaryimage\"},\"thumbnailUrl\":\"https:\\\/\\\/mksczarnipolaniec.pl\\\/wp-content\\\/uploads\\\/2026\\\/08\\\/777867251_4419871441594401_2803558975040541084_n.png.jpeg\",\"articleSection\":[\"Czarni II Po\u0142aniec\",\"MKS Czarni II Po\u0142aniec\",\"Okr\u0119gowy Puchar Polski\"],\"inLanguage\":\"pl-PL\"},{\"@type\":\"WebPage\",\"@id\":\"https:\\\/\\\/mksczarnipolaniec.pl\\\/?p=7812\",\"url\":\"https:\\\/\\\/mksczarnipolaniec.pl\\\/?p=7812\",\"name\":\"Znamy rywala Czarnych II Po\u0142aniec w III rundzie Pucharu Polski! - MKS Czarni Po\u0142aniec\",\"isPartOf\":{\"@id\":\"http:\\\/\\\/mksczarnipolaniec.pl\\\/#website\"},\"primaryImageOfPage\":{\"@id\":\"https:\\\/\\\/mksczarnipolaniec.pl\\\/?p=7812#primaryimage\"},\"image\":{\"@id\":\"https:\\\/\\\/mksczarnipolaniec.pl\\\/?p=7812#primaryimage\"},\"thumbnailUrl\":\"https:\\\/\\\/mksczarnipolaniec.pl\\\/wp-content\\\/uploads\\\/2026\\\/08\\\/777867251_4419871441594401_2803558975040541084_n.png.jpeg\",\"datePublished\":\"2026-09-04T06:03:37+00:00\",\"dateModified\":\"2026-09-04T06:03:58+00:00\",\"breadcrumb\":{\"@id\":\"https:\\\/\\\/mksczarnipolaniec.pl\\\/?p=7812#breadcrumb\"},\"inLanguage\":\"pl-PL\",\"potentialAction\":[{\"@type\":\"ReadAction\",\"target\":[\"https:\\\/\\\/mksczarnipolaniec.pl\\\/?p=7812\"]}]},{\"@type\":\"ImageObject\",\"inLanguage\":\"pl-PL\",\"@id\":\"https:\\\/\\\/mksczarnipolaniec.pl\\\/?p=7812#primaryimage\",\"url\":\"https:\\\/\\\/mksczarnipolaniec.pl\\\/wp-content\\\/uploads\\\/2026\\\/08\\\/777867251_4419871441594401_2803558975040541084_n.png.jpeg\",\"contentUrl\":\"https:\\\/\\\/mksczarnipolaniec.pl\\\/wp-content\\\/uploads\\\/2026\\\/08\\\/777867251_4419871441594401_2803558975040541084_n.png.jpeg\",\"width\":2048,\"height\":1365},{\"@type\":\"BreadcrumbList\",\"@id\":\"https:\\\/\\\/mksczarnipolaniec.pl\\\/?p=7812#breadcrumb\",\"itemListElement\":[{\"@type\":\"ListItem\",\"position\":1,\"name\":\"Strona g\u0142\u00f3wna\",\"item\":\"http:\\\/\\\/mksczarnipolaniec.pl\\\/\"},{\"@type\":\"ListItem\",\"position\":2,\"name\":\"Znamy rywala Czarnych II Po\u0142aniec w III rundzie Pucharu Polski!\"}]},{\"@type\":\"WebSite\",\"@id\":\"http:\\\/\\\/mksczarnipolaniec.pl\\\/#website\",\"url\":\"http:\\\/\\\/mksczarnipolaniec.pl\\\/\",\"name\":\"Oficjalna strona klubu - MKS Czarni Po\u0142aniec\",\"description\":\"- Oficjalna Strona Klubu\",\"publisher\":{\"@id\":\"http:\\\/\\\/mksczarnipolaniec.pl\\\/#organization\"},\"potentialAction\":[{\"@type\":\"SearchAction\",\"target\":{\"@type\":\"EntryPoint\",\"urlTemplate\":\"http:\\\/\\\/mksczarnipolaniec.pl\\\/?s={search_term_string}\"},\"query-input\":{\"@type\":\"PropertyValueSpecification\",\"valueRequired\":true,\"valueName\":\"search_term_string\"}}],\"inLanguage\":\"pl-PL\"},{\"@type\":\"Organization\",\"@id\":\"http:\\\/\\\/mksczarnipolaniec.pl\\\/#organization\",\"name\":\"Oficjalna strona klubu - MKS Czarni Po\u0142aniec\",\"url\":\"http:\\\/\\\/mksczarnipolaniec.pl\\\/\",\"logo\":{\"@type\":\"ImageObject\",\"inLanguage\":\"pl-PL\",\"@id\":\"http:\\\/\\\/mksczarnipolaniec.pl\\\/#\\\/schema\\\/logo\\\/image\\\/\",\"url\":\"https:\\\/\\\/mksczarnipolaniec.pl\\\/wp-content\\\/uploads\\\/1910\\\/01\\\/Czarni-Polaniec-1.png\",\"contentUrl\":\"https:\\\/\\\/mksczarnipolaniec.pl\\\/wp-content\\\/uploads\\\/1910\\\/01\\\/Czarni-Polaniec-1.png\",\"width\":474,\"height\":512,\"caption\":\"Oficjalna strona klubu - MKS Czarni Po\u0142aniec\"},\"image\":{\"@id\":\"http:\\\/\\\/mksczarnipolaniec.pl\\\/#\\\/schema\\\/logo\\\/image\\\/\"},\"sameAs\":[\"https:\\\/\\\/www.facebook.com\\\/czarnipolaniec1948\",\"https:\\\/\\\/x.com\\\/czarnipolaniec\"]},{\"@type\":\"Person\",\"@id\":\"http:\\\/\\\/mksczarnipolaniec.pl\\\/#\\\/schema\\\/person\\\/6c5a8be8f86fe7e60b3d7aeca4cca7f0\",\"name\":\"Redakcja\",\"image\":{\"@type\":\"ImageObject\",\"inLanguage\":\"pl-PL\",\"@id\":\"https:\\\/\\\/secure.gravatar.com\\\/avatar\\\/b02da93292d5fed03f1c9802953622aed1cb75c3d0a7f7ad7ecceae73f23f797?s=96&d=mm&r=g\",\"url\":\"https:\\\/\\\/secure.gravatar.com\\\/avatar\\\/b02da93292d5fed03f1c9802953622aed1cb75c3d0a7f7ad7ecceae73f23f797?s=96&d=mm&r=g\",\"contentUrl\":\"https:\\\/\\\/secure.gravatar.com\\\/avatar\\\/b02da93292d5fed03f1c9802953622aed1cb75c3d0a7f7ad7ecceae73f23f797?s=96&d=mm&r=g\",\"caption\":\"Redakcja\"},\"sameAs\":[\"http:\\\/\\\/mksczarnipolaniec.pl\"],\"url\":\"https:\\\/\\\/mksczarnipolaniec.pl\\\/?author=1\"}]}<\/script>\n<!-- \/ Yoast SEO plugin. -->","yoast_head_json":{"title":"Znamy rywala Czarnych II Po\u0142aniec w III rundzie Pucharu Polski! - MKS Czarni Po\u0142aniec","robots":{"index":"index","follow":"follow","max-snippet":"max-snippet:-1","max-image-preview":"max-image-preview:large","max-video-preview":"max-video-preview:-1"},"canonical":"https:\/\/mksczarnipolaniec.pl\/?p=7812","og_locale":"pl_PL","og_type":"article","og_title":"Znamy rywala Czarnych II Po\u0142aniec w III rundzie Pucharu Polski! - MKS Czarni Po\u0142aniec","og_description":"Rezerwy Czarnych Po\u0142aniec pozna\u0142y swojego przeciwnika w III rundzie Chemar Ruroci\u0105gi Pucharu Polski.\u00a0W kolejnej fazie rozgrywek Czarni II Po\u0142aniec zmierz\u0105 si\u0119 z\u00a0LZS Samborzec. Losowanie III rundy przynios\u0142o naszej dru\u017cynie rywala,...","og_url":"https:\/\/mksczarnipolaniec.pl\/?p=7812","og_site_name":"MKS Czarni Po\u0142aniec","article_publisher":"https:\/\/www.facebook.com\/czarnipolaniec1948","article_published_time":"2026-09-04T06:03:37+00:00","article_modified_time":"2026-09-04T06:03:58+00:00","og_image":[{"width":2048,"height":1365,"url":"https:\/\/mksczarnipolaniec.pl\/wp-content\/uploads\/2026\/08\/777867251_4419871441594401_2803558975040541084_n.png.jpeg","type":"image\/jpeg"}],"author":"Redakcja","twitter_card":"summary_large_image","twitter_creator":"@czarnipolaniec","twitter_site":"@czarnipolaniec","twitter_misc":{"Napisane przez":"Redakcja","Szacowany czas czytania":"2 minuty"},"schema":{"@context":"https:\/\/schema.org","@graph":[{"@type":"Article","@id":"https:\/\/mksczarnipolaniec.pl\/?p=7812#article","isPartOf":{"@id":"https:\/\/mksczarnipolaniec.pl\/?p=7812"},"author":{"name":"Redakcja","@id":"http:\/\/mksczarnipolaniec.pl\/#\/schema\/person\/6c5a8be8f86fe7e60b3d7aeca4cca7f0"},"headline":"Znamy rywala Czarnych II Po\u0142aniec w III rundzie Pucharu Polski!","datePublished":"2026-09-04T06:03:37+00:00","dateModified":"2026-09-04T06:03:58+00:00","mainEntityOfPage":{"@id":"https:\/\/mksczarnipolaniec.pl\/?p=7812"},"wordCount":153,"publisher":{"@id":"http:\/\/mksczarnipolaniec.pl\/#organization"},"image":{"@id":"https:\/\/mksczarnipolaniec.pl\/?p=7812#primaryimage"},"thumbnailUrl":"https:\/\/mksczarnipolaniec.pl\/wp-content\/uploads\/2026\/08\/777867251_4419871441594401_2803558975040541084_n.png.jpeg","articleSection":["Czarni II Po\u0142aniec","MKS Czarni II Po\u0142aniec","Okr\u0119gowy Puchar Polski"],"inLanguage":"pl-PL"},{"@type":"WebPage","@id":"https:\/\/mksczarnipolaniec.pl\/?p=7812","url":"https:\/\/mksczarnipolaniec.pl\/?p=7812","name":"Znamy rywala Czarnych II Po\u0142aniec w III rundzie Pucharu Polski! - MKS Czarni Po\u0142aniec","isPartOf":{"@id":"http:\/\/mksczarnipolaniec.pl\/#website"},"primaryImageOfPage":{"@id":"https:\/\/mksczarnipolaniec.pl\/?p=7812#primaryimage"},"image":{"@id":"https:\/\/mksczarnipolaniec.pl\/?p=7812#primaryimage"},"thumbnailUrl":"https:\/\/mksczarnipolaniec.pl\/wp-content\/uploads\/2026\/08\/777867251_4419871441594401_2803558975040541084_n.png.jpeg","datePublished":"2026-09-04T06:03:37+00:00","dateModified":"2026-09-04T06:03:58+00:00","breadcrumb":{"@id":"https:\/\/mksczarnipolaniec.pl\/?p=7812#breadcrumb"},"inLanguage":"pl-PL","potentialAction":[{"@type":"ReadAction","target":["https:\/\/mksczarnipolaniec.pl\/?p=7812"]}]},{"@type":"ImageObject","inLanguage":"pl-PL","@id":"https:\/\/mksczarnipolaniec.pl\/?p=7812#primaryimage","url":"https:\/\/mksczarnipolaniec.pl\/wp-content\/uploads\/2026\/08\/777867251_4419871441594401_2803558975040541084_n.png.jpeg","contentUrl":"https:\/\/mksczarnipolaniec.pl\/wp-content\/uploads\/2026\/08\/777867251_4419871441594401_2803558975040541084_n.png.jpeg","width":2048,"height":1365},{"@type":"BreadcrumbList","@id":"https:\/\/mksczarnipolaniec.pl\/?p=7812#breadcrumb","itemListElement":[{"@type":"ListItem","position":1,"name":"Strona g\u0142\u00f3wna","item":"http:\/\/mksczarnipolaniec.pl\/"},{"@type":"ListItem","position":2,"name":"Znamy rywala Czarnych II Po\u0142aniec w III rundzie Pucharu Polski!"}]},{"@type":"WebSite","@id":"http:\/\/mksczarnipolaniec.pl\/#website","url":"http:\/\/mksczarnipolaniec.pl\/","name":"Oficjalna strona klubu - MKS Czarni Po\u0142aniec","description":"- Oficjalna Strona Klubu","publisher":{"@id":"http:\/\/mksczarnipolaniec.pl\/#organization"},"potentialAction":[{"@type":"SearchAction","target":{"@type":"EntryPoint","urlTemplate":"http:\/\/mksczarnipolaniec.pl\/?s={search_term_string}"},"query-input":{"@type":"PropertyValueSpecification","valueRequired":true,"valueName":"search_term_string"}}],"inLanguage":"pl-PL"},{"@type":"Organization","@id":"http:\/\/mksczarnipolaniec.pl\/#organization","name":"Oficjalna strona klubu - MKS Czarni Po\u0142aniec","url":"http:\/\/mksczarnipolaniec.pl\/","logo":{"@type":"ImageObject","inLanguage":"pl-PL","@id":"http:\/\/mksczarnipolaniec.pl\/#\/schema\/logo\/image\/","url":"https:\/\/mksczarnipolaniec.pl\/wp-content\/uploads\/1910\/01\/Czarni-Polaniec-1.png","contentUrl":"https:\/\/mksczarnipolaniec.pl\/wp-content\/uploads\/1910\/01\/Czarni-Polaniec-1.png","width":474,"height":512,"caption":"Oficjalna strona klubu - MKS Czarni Po\u0142aniec"},"image":{"@id":"http:\/\/mksczarnipolaniec.pl\/#\/schema\/logo\/image\/"},"sameAs":["https:\/\/www.facebook.com\/czarnipolaniec1948","https:\/\/x.com\/czarnipolaniec"]},{"@type":"Person","@id":"http:\/\/mksczarnipolaniec.pl\/#\/schema\/person\/6c5a8be8f86fe7e60b3d7aeca4cca7f0","name":"Redakcja","image":{"@type":"ImageObject","inLanguage":"pl-PL","@id":"https:\/\/secure.gravatar.com\/avatar\/b02da93292d5fed03f1c9802953622aed1cb75c3d0a7f7ad7ecceae73f23f797?s=96&d=mm&r=g","url":"https:\/\/secure.gravatar.com\/avatar\/b02da93292d5fed03f1c9802953622aed1cb75c3d0a7f7ad7ecceae73f23f797?s=96&d=mm&r=g","contentUrl":"https:\/\/secure.gravatar.com\/avatar\/b02da93292d5fed03f1c9802953622aed1cb75c3d0a7f7ad7ecceae73f23f797?s=96&d=mm&r=g","caption":"Redakcja"},"sameAs":["http:\/\/mksczarnipolaniec.pl"],"url":"https:\/\/mksczarnipolaniec.pl\/?author=1"}]}},"_links":{"self":[{"href":"https:\/\/mksczarnipolaniec.pl\/index.php?rest_route=\/wp\/v2\/posts\/7812","targetHints":{"allow":["GET"]}}],"collection":[{"href":"https:\/\/mksczarnipolaniec.pl\/index.php?rest_route=\/wp\/v2\/posts"}],"about":[{"href":"https:\/\/mksczarnipolaniec.pl\/index.php?rest_route=\/wp\/v2\/types\/post"}],"author":[{"embeddable":true,"href":"https:\/\/mksczarnipolaniec.pl\/index.php?rest_route=\/wp\/v2\/users\/1"}],"replies":[{"embeddable":true,"href":"https:\/\/mksczarnipolaniec.pl\/index.php?rest_route=%2Fwp%2Fv2%2Fcomments&post=7812"}],"version-history":[{"count":1,"href":"https:\/\/mksczarnipolaniec.pl\/index.php?rest_route=\/wp\/v2\/posts\/7812\/revisions"}],"predecessor-version":[{"id":7814,"href":"https:\/\/mksczarnipolaniec.pl\/index.php?rest_route=\/wp\/v2\/posts\/7812\/revisions\/7814"}],"wp:featuredmedia":[{"embeddable":true,"href":"https:\/\/mksczarnipolaniec.pl\/index.php?rest_route=\/wp\/v2\/media\/7776"}],"wp:attachment":[{"href":"https:\/\/mksczarnipolaniec.pl\/index.php?rest_route=%2Fwp%2Fv2%2Fmedia&parent=7812"}],"wp:term":[{"taxonomy":"category","embeddable":true,"href":"https:\/\/mksczarnipolaniec.pl\/index.php?rest_route=%2Fwp%2Fv2%2Fcategories&post=7812"},{"taxonomy":"post_tag","embeddable":true,"href":"https:\/\/mksczarnipolaniec.pl\/index.php?rest_route=%2Fwp%2Fv2%2Ftags&post=7812"}],"curies":[{"name":"wp","href":"https:\/\/api.w.org\/{rel}","templated":true}]}}