{"id":7815,"date":"2026-09-05T09:23:04","date_gmt":"2026-09-05T07:23:04","guid":{"rendered":"https:\/\/mksczarnipolaniec.pl\/?p=7815"},"modified":"2026-09-05T09:23:05","modified_gmt":"2026-09-05T07:23:05","slug":"czas-na-pilkarska-sobote-zapowiedz","status":"publish","type":"post","link":"https:\/\/mksczarnipolaniec.pl\/?p=7815","title":{"rendered":"Czas na pi\u0142karsk\u0105 sobot\u0119! (zapowied\u017a)"},"content":{"rendered":"\n<p class=\"wp-block-paragraph\">Ju\u017c dzi\u015b czeka nas kolejna pi\u0142karska sobota z udzia\u0142em\u00a0<strong>obu dru\u017cyn Czarnych Po\u0142aniec<\/strong>. Emocji z pewno\u015bci\u0105 nie zabraknie, poniewa\u017c zar\u00f3wno pierwszy zesp\u00f3\u0142, jak i rezerwy Czarnych stan\u0105 dzi\u015b do walki o ligowe punkty.<\/p>\n\n\n\n<p class=\"wp-block-paragraph\">W ramach\u00a0<strong>7. kolejki Betclic 3. Ligi, grupy IV<\/strong>\u00a0Czarni Po\u0142aniec zmierz\u0105 si\u0119 na w\u0142asnym stadionie z\u00a0<strong>Pogoni\u0105-Sok\u00f3\u0142 Lubacz\u00f3w<\/strong>. Spotkanie rozpocznie si\u0119 o godzinie\u00a0<strong>14:00<\/strong>. Przed naszym zespo\u0142em kolejne wymagaj\u0105ce spotkanie, w kt\u00f3rym z pewno\u015bci\u0105 nie zabraknie walki, zaanga\u017cowania i sportowych emocji. <\/p>\n\n\n\n<p class=\"wp-block-paragraph\">Kilka godzin p\u00f3\u017aniej do rywalizacji przyst\u0105pi\u0105\u00a0<strong>Czarni II Po\u0142aniec<\/strong>. W ramach\u00a0<strong>3. kolejki Keeza<\/strong> <strong>Klasy A, grupy III<\/strong>\u00a0nasze rezerwy udadz\u0105 si\u0119 do\u00a0<strong>Wojciechowic<\/strong>, gdzie zmierz\u0105 si\u0119 z miejscowym\u00a0<strong>GKS-em<\/strong>. Pocz\u0105tek spotkania zaplanowano na godzin\u0119\u00a0<strong>16:00<\/strong>.<\/p>\n\n\n\n<p class=\"wp-block-paragraph\"><strong>Zapraszamy do wspierania naszych dru\u017cyn!<\/strong>\u00a0Zar\u00f3wno na stadionie w Po\u0142a\u0144cu, jak i w Wojciechowicach czekaj\u0105 nas dzi\u015b kolejne emocje zwi\u0105zane z Czarnymi!<\/p>\n\n\n\n<p class=\"wp-block-paragraph\">Trzymamy mocno kciuki za oba nasze zespo\u0142y! Niech to b\u0119dzie\u00a0<strong>udana pi\u0142karska sobota dla Czarnych Po\u0142aniec!<\/strong><\/p>\n\n\n\n<p class=\"wp-block-paragraph\"><strong>Do boju, Czarni! <\/strong><\/p>\n\n\n<div class=\"wp-block-image\">\n<figure class=\"aligncenter size-large\"><img loading=\"lazy\" decoding=\"async\" width=\"1024\" height=\"740\" src=\"https:\/\/mksczarnipolaniec.pl\/wp-content\/uploads\/2026\/09\/PILKARSKA-ZAPOWIEDZ0509-1024x740.png\" alt=\"\" class=\"wp-image-7817\" srcset=\"https:\/\/mksczarnipolaniec.pl\/wp-content\/uploads\/2026\/09\/PILKARSKA-ZAPOWIEDZ0509-1024x740.png 1024w, https:\/\/mksczarnipolaniec.pl\/wp-content\/uploads\/2026\/09\/PILKARSKA-ZAPOWIEDZ0509-300x217.png 300w, https:\/\/mksczarnipolaniec.pl\/wp-content\/uploads\/2026\/09\/PILKARSKA-ZAPOWIEDZ0509-768x555.png 768w, https:\/\/mksczarnipolaniec.pl\/wp-content\/uploads\/2026\/09\/PILKARSKA-ZAPOWIEDZ0509-1536x1109.png 1536w, https:\/\/mksczarnipolaniec.pl\/wp-content\/uploads\/2026\/09\/PILKARSKA-ZAPOWIEDZ0509-128x92.png 128w, https:\/\/mksczarnipolaniec.pl\/wp-content\/uploads\/2026\/09\/PILKARSKA-ZAPOWIEDZ0509-32x23.png 32w, https:\/\/mksczarnipolaniec.pl\/wp-content\/uploads\/2026\/09\/PILKARSKA-ZAPOWIEDZ0509-831x600.png 831w, https:\/\/mksczarnipolaniec.pl\/wp-content\/uploads\/2026\/09\/PILKARSKA-ZAPOWIEDZ0509-1140x823.png 1140w, https:\/\/mksczarnipolaniec.pl\/wp-content\/uploads\/2026\/09\/PILKARSKA-ZAPOWIEDZ0509-200x144.png 200w, https:\/\/mksczarnipolaniec.pl\/wp-content\/uploads\/2026\/09\/PILKARSKA-ZAPOWIEDZ0509-450x325.png 450w, https:\/\/mksczarnipolaniec.pl\/wp-content\/uploads\/2026\/09\/PILKARSKA-ZAPOWIEDZ0509-600x433.png 600w, https:\/\/mksczarnipolaniec.pl\/wp-content\/uploads\/2026\/09\/PILKARSKA-ZAPOWIEDZ0509.png 1800w\" sizes=\"auto, (max-width: 1024px) 100vw, 1024px\" \/><\/figure>\n<\/div>","protected":false},"excerpt":{"rendered":"<p>Ju\u017c dzi\u015b czeka nas kolejna pi\u0142karska sobota z udzia\u0142em\u00a0obu dru\u017cyn Czarnych Po\u0142aniec. Emocji z pewno\u015bci\u0105 nie zabraknie, poniewa\u017c zar\u00f3wno pierwszy zesp\u00f3\u0142, jak i rezerwy Czarnych stan\u0105 dzi\u015b do walki o&#8230;<\/p>\n","protected":false},"author":1,"featured_media":7817,"comment_status":"closed","ping_status":"closed","sticky":false,"template":"","format":"standard","meta":{"two_page_speed":[],"footnotes":""},"categories":[575,376],"tags":[],"class_list":["post-7815","post","type-post","status-publish","format-standard","has-post-thumbnail","hentry","category-a-klasa-grupa-iii-swietokrzyskie","category-betclic-3-liga-iv"],"yoast_head":"<!-- This site is optimized with the Yoast SEO plugin v27.8 - https:\/\/yoast.com\/product\/yoast-seo-wordpress\/ -->\n<title>Czas na pi\u0142karsk\u0105 sobot\u0119! (zapowied\u017a) - MKS Czarni Po\u0142aniec<\/title>\n<meta name=\"robots\" content=\"index, follow, max-snippet:-1, max-image-preview:large, max-video-preview:-1\" \/>\n<link rel=\"canonical\" href=\"https:\/\/mksczarnipolaniec.pl\/?p=7815\" \/>\n<meta property=\"og:locale\" content=\"pl_PL\" \/>\n<meta property=\"og:type\" content=\"article\" \/>\n<meta property=\"og:title\" content=\"Czas na pi\u0142karsk\u0105 sobot\u0119! (zapowied\u017a) - MKS Czarni Po\u0142aniec\" \/>\n<meta property=\"og:description\" content=\"Ju\u017c dzi\u015b czeka nas kolejna pi\u0142karska sobota z udzia\u0142em\u00a0obu dru\u017cyn Czarnych Po\u0142aniec. Emocji z pewno\u015bci\u0105 nie zabraknie, poniewa\u017c zar\u00f3wno pierwszy zesp\u00f3\u0142, jak i rezerwy Czarnych stan\u0105 dzi\u015b do walki o...\" \/>\n<meta property=\"og:url\" content=\"https:\/\/mksczarnipolaniec.pl\/?p=7815\" \/>\n<meta property=\"og:site_name\" content=\"MKS Czarni Po\u0142aniec\" \/>\n<meta property=\"article:publisher\" content=\"https:\/\/www.facebook.com\/czarnipolaniec1948\" \/>\n<meta property=\"article:published_time\" content=\"2026-09-05T07:23:04+00:00\" \/>\n<meta property=\"article:modified_time\" content=\"2026-09-05T07:23:05+00:00\" \/>\n<meta property=\"og:image\" content=\"http:\/\/mksczarnipolaniec.pl\/wp-content\/uploads\/2026\/09\/PILKARSKA-ZAPOWIEDZ0509.png\" \/>\n\t<meta property=\"og:image:width\" content=\"1800\" \/>\n\t<meta property=\"og:image:height\" content=\"1300\" \/>\n\t<meta property=\"og:image:type\" content=\"image\/png\" \/>\n<meta name=\"author\" content=\"Redakcja\" \/>\n<meta name=\"twitter:card\" content=\"summary_large_image\" \/>\n<meta name=\"twitter:creator\" content=\"@czarnipolaniec\" \/>\n<meta name=\"twitter:site\" content=\"@czarnipolaniec\" \/>\n<meta name=\"twitter:label1\" content=\"Napisane przez\" \/>\n\t<meta name=\"twitter:data1\" content=\"Redakcja\" \/>\n\t<meta name=\"twitter:label2\" content=\"Szacowany czas czytania\" \/>\n\t<meta name=\"twitter:data2\" content=\"2 minuty\" \/>\n<script type=\"application\/ld+json\" class=\"yoast-schema-graph\">{\"@context\":\"https:\\\/\\\/schema.org\",\"@graph\":[{\"@type\":\"Article\",\"@id\":\"https:\\\/\\\/mksczarnipolaniec.pl\\\/?p=7815#article\",\"isPartOf\":{\"@id\":\"https:\\\/\\\/mksczarnipolaniec.pl\\\/?p=7815\"},\"author\":{\"name\":\"Redakcja\",\"@id\":\"http:\\\/\\\/mksczarnipolaniec.pl\\\/#\\\/schema\\\/person\\\/6c5a8be8f86fe7e60b3d7aeca4cca7f0\"},\"headline\":\"Czas na pi\u0142karsk\u0105 sobot\u0119! (zapowied\u017a)\",\"datePublished\":\"2026-09-05T07:23:04+00:00\",\"dateModified\":\"2026-09-05T07:23:05+00:00\",\"mainEntityOfPage\":{\"@id\":\"https:\\\/\\\/mksczarnipolaniec.pl\\\/?p=7815\"},\"wordCount\":181,\"publisher\":{\"@id\":\"http:\\\/\\\/mksczarnipolaniec.pl\\\/#organization\"},\"image\":{\"@id\":\"https:\\\/\\\/mksczarnipolaniec.pl\\\/?p=7815#primaryimage\"},\"thumbnailUrl\":\"https:\\\/\\\/mksczarnipolaniec.pl\\\/wp-content\\\/uploads\\\/2026\\\/09\\\/PILKARSKA-ZAPOWIEDZ0509.png\",\"articleSection\":[\"A-klasa | Grupa III | \u015awi\u0119tokrzyskie\",\"Betclic 3 liga - IV\"],\"inLanguage\":\"pl-PL\"},{\"@type\":\"WebPage\",\"@id\":\"https:\\\/\\\/mksczarnipolaniec.pl\\\/?p=7815\",\"url\":\"https:\\\/\\\/mksczarnipolaniec.pl\\\/?p=7815\",\"name\":\"Czas na pi\u0142karsk\u0105 sobot\u0119! (zapowied\u017a) - MKS Czarni Po\u0142aniec\",\"isPartOf\":{\"@id\":\"http:\\\/\\\/mksczarnipolaniec.pl\\\/#website\"},\"primaryImageOfPage\":{\"@id\":\"https:\\\/\\\/mksczarnipolaniec.pl\\\/?p=7815#primaryimage\"},\"image\":{\"@id\":\"https:\\\/\\\/mksczarnipolaniec.pl\\\/?p=7815#primaryimage\"},\"thumbnailUrl\":\"https:\\\/\\\/mksczarnipolaniec.pl\\\/wp-content\\\/uploads\\\/2026\\\/09\\\/PILKARSKA-ZAPOWIEDZ0509.png\",\"datePublished\":\"2026-09-05T07:23:04+00:00\",\"dateModified\":\"2026-09-05T07:23:05+00:00\",\"breadcrumb\":{\"@id\":\"https:\\\/\\\/mksczarnipolaniec.pl\\\/?p=7815#breadcrumb\"},\"inLanguage\":\"pl-PL\",\"potentialAction\":[{\"@type\":\"ReadAction\",\"target\":[\"https:\\\/\\\/mksczarnipolaniec.pl\\\/?p=7815\"]}]},{\"@type\":\"ImageObject\",\"inLanguage\":\"pl-PL\",\"@id\":\"https:\\\/\\\/mksczarnipolaniec.pl\\\/?p=7815#primaryimage\",\"url\":\"https:\\\/\\\/mksczarnipolaniec.pl\\\/wp-content\\\/uploads\\\/2026\\\/09\\\/PILKARSKA-ZAPOWIEDZ0509.png\",\"contentUrl\":\"https:\\\/\\\/mksczarnipolaniec.pl\\\/wp-content\\\/uploads\\\/2026\\\/09\\\/PILKARSKA-ZAPOWIEDZ0509.png\",\"width\":1800,\"height\":1300},{\"@type\":\"BreadcrumbList\",\"@id\":\"https:\\\/\\\/mksczarnipolaniec.pl\\\/?p=7815#breadcrumb\",\"itemListElement\":[{\"@type\":\"ListItem\",\"position\":1,\"name\":\"Strona g\u0142\u00f3wna\",\"item\":\"http:\\\/\\\/mksczarnipolaniec.pl\\\/\"},{\"@type\":\"ListItem\",\"position\":2,\"name\":\"Czas na pi\u0142karsk\u0105 sobot\u0119! (zapowied\u017a)\"}]},{\"@type\":\"WebSite\",\"@id\":\"http:\\\/\\\/mksczarnipolaniec.pl\\\/#website\",\"url\":\"http:\\\/\\\/mksczarnipolaniec.pl\\\/\",\"name\":\"Oficjalna strona klubu - MKS Czarni Po\u0142aniec\",\"description\":\"- Oficjalna Strona Klubu\",\"publisher\":{\"@id\":\"http:\\\/\\\/mksczarnipolaniec.pl\\\/#organization\"},\"potentialAction\":[{\"@type\":\"SearchAction\",\"target\":{\"@type\":\"EntryPoint\",\"urlTemplate\":\"http:\\\/\\\/mksczarnipolaniec.pl\\\/?s={search_term_string}\"},\"query-input\":{\"@type\":\"PropertyValueSpecification\",\"valueRequired\":true,\"valueName\":\"search_term_string\"}}],\"inLanguage\":\"pl-PL\"},{\"@type\":\"Organization\",\"@id\":\"http:\\\/\\\/mksczarnipolaniec.pl\\\/#organization\",\"name\":\"Oficjalna strona klubu - MKS Czarni Po\u0142aniec\",\"url\":\"http:\\\/\\\/mksczarnipolaniec.pl\\\/\",\"logo\":{\"@type\":\"ImageObject\",\"inLanguage\":\"pl-PL\",\"@id\":\"http:\\\/\\\/mksczarnipolaniec.pl\\\/#\\\/schema\\\/logo\\\/image\\\/\",\"url\":\"https:\\\/\\\/mksczarnipolaniec.pl\\\/wp-content\\\/uploads\\\/1910\\\/01\\\/Czarni-Polaniec-1.png\",\"contentUrl\":\"https:\\\/\\\/mksczarnipolaniec.pl\\\/wp-content\\\/uploads\\\/1910\\\/01\\\/Czarni-Polaniec-1.png\",\"width\":474,\"height\":512,\"caption\":\"Oficjalna strona klubu - MKS Czarni Po\u0142aniec\"},\"image\":{\"@id\":\"http:\\\/\\\/mksczarnipolaniec.pl\\\/#\\\/schema\\\/logo\\\/image\\\/\"},\"sameAs\":[\"https:\\\/\\\/www.facebook.com\\\/czarnipolaniec1948\",\"https:\\\/\\\/x.com\\\/czarnipolaniec\"]},{\"@type\":\"Person\",\"@id\":\"http:\\\/\\\/mksczarnipolaniec.pl\\\/#\\\/schema\\\/person\\\/6c5a8be8f86fe7e60b3d7aeca4cca7f0\",\"name\":\"Redakcja\",\"image\":{\"@type\":\"ImageObject\",\"inLanguage\":\"pl-PL\",\"@id\":\"https:\\\/\\\/secure.gravatar.com\\\/avatar\\\/b02da93292d5fed03f1c9802953622aed1cb75c3d0a7f7ad7ecceae73f23f797?s=96&d=mm&r=g\",\"url\":\"https:\\\/\\\/secure.gravatar.com\\\/avatar\\\/b02da93292d5fed03f1c9802953622aed1cb75c3d0a7f7ad7ecceae73f23f797?s=96&d=mm&r=g\",\"contentUrl\":\"https:\\\/\\\/secure.gravatar.com\\\/avatar\\\/b02da93292d5fed03f1c9802953622aed1cb75c3d0a7f7ad7ecceae73f23f797?s=96&d=mm&r=g\",\"caption\":\"Redakcja\"},\"sameAs\":[\"http:\\\/\\\/mksczarnipolaniec.pl\"],\"url\":\"https:\\\/\\\/mksczarnipolaniec.pl\\\/?author=1\"}]}<\/script>\n<!-- \/ Yoast SEO plugin. -->","yoast_head_json":{"title":"Czas na pi\u0142karsk\u0105 sobot\u0119! (zapowied\u017a) - MKS Czarni Po\u0142aniec","robots":{"index":"index","follow":"follow","max-snippet":"max-snippet:-1","max-image-preview":"max-image-preview:large","max-video-preview":"max-video-preview:-1"},"canonical":"https:\/\/mksczarnipolaniec.pl\/?p=7815","og_locale":"pl_PL","og_type":"article","og_title":"Czas na pi\u0142karsk\u0105 sobot\u0119! (zapowied\u017a) - MKS Czarni Po\u0142aniec","og_description":"Ju\u017c dzi\u015b czeka nas kolejna pi\u0142karska sobota z udzia\u0142em\u00a0obu dru\u017cyn Czarnych Po\u0142aniec. Emocji z pewno\u015bci\u0105 nie zabraknie, poniewa\u017c zar\u00f3wno pierwszy zesp\u00f3\u0142, jak i rezerwy Czarnych stan\u0105 dzi\u015b do walki o...","og_url":"https:\/\/mksczarnipolaniec.pl\/?p=7815","og_site_name":"MKS Czarni Po\u0142aniec","article_publisher":"https:\/\/www.facebook.com\/czarnipolaniec1948","article_published_time":"2026-09-05T07:23:04+00:00","article_modified_time":"2026-09-05T07:23:05+00:00","og_image":[{"width":1800,"height":1300,"url":"http:\/\/mksczarnipolaniec.pl\/wp-content\/uploads\/2026\/09\/PILKARSKA-ZAPOWIEDZ0509.png","type":"image\/png"}],"author":"Redakcja","twitter_card":"summary_large_image","twitter_creator":"@czarnipolaniec","twitter_site":"@czarnipolaniec","twitter_misc":{"Napisane przez":"Redakcja","Szacowany czas czytania":"2 minuty"},"schema":{"@context":"https:\/\/schema.org","@graph":[{"@type":"Article","@id":"https:\/\/mksczarnipolaniec.pl\/?p=7815#article","isPartOf":{"@id":"https:\/\/mksczarnipolaniec.pl\/?p=7815"},"author":{"name":"Redakcja","@id":"http:\/\/mksczarnipolaniec.pl\/#\/schema\/person\/6c5a8be8f86fe7e60b3d7aeca4cca7f0"},"headline":"Czas na pi\u0142karsk\u0105 sobot\u0119! (zapowied\u017a)","datePublished":"2026-09-05T07:23:04+00:00","dateModified":"2026-09-05T07:23:05+00:00","mainEntityOfPage":{"@id":"https:\/\/mksczarnipolaniec.pl\/?p=7815"},"wordCount":181,"publisher":{"@id":"http:\/\/mksczarnipolaniec.pl\/#organization"},"image":{"@id":"https:\/\/mksczarnipolaniec.pl\/?p=7815#primaryimage"},"thumbnailUrl":"https:\/\/mksczarnipolaniec.pl\/wp-content\/uploads\/2026\/09\/PILKARSKA-ZAPOWIEDZ0509.png","articleSection":["A-klasa | Grupa III | \u015awi\u0119tokrzyskie","Betclic 3 liga - IV"],"inLanguage":"pl-PL"},{"@type":"WebPage","@id":"https:\/\/mksczarnipolaniec.pl\/?p=7815","url":"https:\/\/mksczarnipolaniec.pl\/?p=7815","name":"Czas na pi\u0142karsk\u0105 sobot\u0119! (zapowied\u017a) - MKS Czarni Po\u0142aniec","isPartOf":{"@id":"http:\/\/mksczarnipolaniec.pl\/#website"},"primaryImageOfPage":{"@id":"https:\/\/mksczarnipolaniec.pl\/?p=7815#primaryimage"},"image":{"@id":"https:\/\/mksczarnipolaniec.pl\/?p=7815#primaryimage"},"thumbnailUrl":"https:\/\/mksczarnipolaniec.pl\/wp-content\/uploads\/2026\/09\/PILKARSKA-ZAPOWIEDZ0509.png","datePublished":"2026-09-05T07:23:04+00:00","dateModified":"2026-09-05T07:23:05+00:00","breadcrumb":{"@id":"https:\/\/mksczarnipolaniec.pl\/?p=7815#breadcrumb"},"inLanguage":"pl-PL","potentialAction":[{"@type":"ReadAction","target":["https:\/\/mksczarnipolaniec.pl\/?p=7815"]}]},{"@type":"ImageObject","inLanguage":"pl-PL","@id":"https:\/\/mksczarnipolaniec.pl\/?p=7815#primaryimage","url":"https:\/\/mksczarnipolaniec.pl\/wp-content\/uploads\/2026\/09\/PILKARSKA-ZAPOWIEDZ0509.png","contentUrl":"https:\/\/mksczarnipolaniec.pl\/wp-content\/uploads\/2026\/09\/PILKARSKA-ZAPOWIEDZ0509.png","width":1800,"height":1300},{"@type":"BreadcrumbList","@id":"https:\/\/mksczarnipolaniec.pl\/?p=7815#breadcrumb","itemListElement":[{"@type":"ListItem","position":1,"name":"Strona g\u0142\u00f3wna","item":"http:\/\/mksczarnipolaniec.pl\/"},{"@type":"ListItem","position":2,"name":"Czas na pi\u0142karsk\u0105 sobot\u0119! (zapowied\u017a)"}]},{"@type":"WebSite","@id":"http:\/\/mksczarnipolaniec.pl\/#website","url":"http:\/\/mksczarnipolaniec.pl\/","name":"Oficjalna strona klubu - MKS Czarni Po\u0142aniec","description":"- Oficjalna Strona Klubu","publisher":{"@id":"http:\/\/mksczarnipolaniec.pl\/#organization"},"potentialAction":[{"@type":"SearchAction","target":{"@type":"EntryPoint","urlTemplate":"http:\/\/mksczarnipolaniec.pl\/?s={search_term_string}"},"query-input":{"@type":"PropertyValueSpecification","valueRequired":true,"valueName":"search_term_string"}}],"inLanguage":"pl-PL"},{"@type":"Organization","@id":"http:\/\/mksczarnipolaniec.pl\/#organization","name":"Oficjalna strona klubu - MKS Czarni Po\u0142aniec","url":"http:\/\/mksczarnipolaniec.pl\/","logo":{"@type":"ImageObject","inLanguage":"pl-PL","@id":"http:\/\/mksczarnipolaniec.pl\/#\/schema\/logo\/image\/","url":"https:\/\/mksczarnipolaniec.pl\/wp-content\/uploads\/1910\/01\/Czarni-Polaniec-1.png","contentUrl":"https:\/\/mksczarnipolaniec.pl\/wp-content\/uploads\/1910\/01\/Czarni-Polaniec-1.png","width":474,"height":512,"caption":"Oficjalna strona klubu - MKS Czarni Po\u0142aniec"},"image":{"@id":"http:\/\/mksczarnipolaniec.pl\/#\/schema\/logo\/image\/"},"sameAs":["https:\/\/www.facebook.com\/czarnipolaniec1948","https:\/\/x.com\/czarnipolaniec"]},{"@type":"Person","@id":"http:\/\/mksczarnipolaniec.pl\/#\/schema\/person\/6c5a8be8f86fe7e60b3d7aeca4cca7f0","name":"Redakcja","image":{"@type":"ImageObject","inLanguage":"pl-PL","@id":"https:\/\/secure.gravatar.com\/avatar\/b02da93292d5fed03f1c9802953622aed1cb75c3d0a7f7ad7ecceae73f23f797?s=96&d=mm&r=g","url":"https:\/\/secure.gravatar.com\/avatar\/b02da93292d5fed03f1c9802953622aed1cb75c3d0a7f7ad7ecceae73f23f797?s=96&d=mm&r=g","contentUrl":"https:\/\/secure.gravatar.com\/avatar\/b02da93292d5fed03f1c9802953622aed1cb75c3d0a7f7ad7ecceae73f23f797?s=96&d=mm&r=g","caption":"Redakcja"},"sameAs":["http:\/\/mksczarnipolaniec.pl"],"url":"https:\/\/mksczarnipolaniec.pl\/?author=1"}]}},"_links":{"self":[{"href":"https:\/\/mksczarnipolaniec.pl\/index.php?rest_route=\/wp\/v2\/posts\/7815","targetHints":{"allow":["GET"]}}],"collection":[{"href":"https:\/\/mksczarnipolaniec.pl\/index.php?rest_route=\/wp\/v2\/posts"}],"about":[{"href":"https:\/\/mksczarnipolaniec.pl\/index.php?rest_route=\/wp\/v2\/types\/post"}],"author":[{"embeddable":true,"href":"https:\/\/mksczarnipolaniec.pl\/index.php?rest_route=\/wp\/v2\/users\/1"}],"replies":[{"embeddable":true,"href":"https:\/\/mksczarnipolaniec.pl\/index.php?rest_route=%2Fwp%2Fv2%2Fcomments&post=7815"}],"version-history":[{"count":1,"href":"https:\/\/mksczarnipolaniec.pl\/index.php?rest_route=\/wp\/v2\/posts\/7815\/revisions"}],"predecessor-version":[{"id":7818,"href":"https:\/\/mksczarnipolaniec.pl\/index.php?rest_route=\/wp\/v2\/posts\/7815\/revisions\/7818"}],"wp:featuredmedia":[{"embeddable":true,"href":"https:\/\/mksczarnipolaniec.pl\/index.php?rest_route=\/wp\/v2\/media\/7817"}],"wp:attachment":[{"href":"https:\/\/mksczarnipolaniec.pl\/index.php?rest_route=%2Fwp%2Fv2%2Fmedia&parent=7815"}],"wp:term":[{"taxonomy":"category","embeddable":true,"href":"https:\/\/mksczarnipolaniec.pl\/index.php?rest_route=%2Fwp%2Fv2%2Fcategories&post=7815"},{"taxonomy":"post_tag","embeddable":true,"href":"https:\/\/mksczarnipolaniec.pl\/index.php?rest_route=%2Fwp%2Fv2%2Ftags&post=7815"}],"curies":[{"name":"wp","href":"https:\/\/api.w.org\/{rel}","templated":true}]}}